{"id":30309,"date":"2010-11-12T17:07:00","date_gmt":"2010-11-12T17:07:00","guid":{"rendered":""},"modified":"2006-01-01T00:00:00","modified_gmt":"2006-01-01T00:00:00","slug":"4100","status":"publish","type":"post","link":"https:\/\/mboasawa.com\/fr\/4100\/","title":{"rendered":"N\u00e9crologie : Jemann brise ses ciseaux"},"content":{"rendered":"<p>Le styliste mod\u00e9liste, malade depuis quelques ann\u00e9es, a rendu l\u2019\u00e2me hier \u00e0 l\u2019h\u00f4pital g\u00e9n\u00e9ral de Douala. &#8211; <\/p>\n<p>&nbsp;<\/p>\n<p class=\"MsoNormal\" style=\"text-align: justify;\">\nLa famille de la mode Camerounaise est en deuil depuis hier matin,  frapp&eacute;e par la disparition de l&rsquo;un de leurs pr&eacute;curseurs, le styliste  mod&eacute;liste Jemann, de son vrai nom, Andr&eacute; Jeumeni. Jemann est d&eacute;c&eacute;d&eacute; hier  &agrave; l&rsquo;h&ocirc;pital g&eacute;n&eacute;ral de Douala o&ugrave; il &eacute;tait intern&eacute; depuis un mois. De  source m&eacute;dicale, il souffrait d&rsquo;une tumeur au cerveau. Ce depuis des  ann&eacute;es. Ce mal l&rsquo;a finalement emport&eacute;, laissant sa famille et les &eacute;l&egrave;ves  de son centre de formation, dans la consternation.<\/p>\n<p class=\"MsoNormal\" style=\"text-align: justify;\">Le d&eacute;funt qui &eacute;tait  &acirc;g&eacute; de 65 ans environ, &eacute;tait originaire de Bafang &agrave; l&rsquo;Ouest Cameroun.  C&rsquo;est en 1974 qu&rsquo;il embrasse le m&eacute;tier de la mode et du stylisme en  s&rsquo;inscrivant &agrave; l&rsquo;&eacute;cole d&rsquo;arts de Paris, non sans avoir au pr&eacute;alable  travaill&eacute; dans les milieux de la finance camerounaise. Ses &eacute;tudes  achev&eacute;es, il parfait sa formation aupr&egrave;s des grandes marques telles que  Rodier, Ventilo, et revient au Cameroun en 1980. Il assure donc la  direction technique de la soci&eacute;t&eacute; Siva, mais, anim&eacute; par le d&eacute;sir de  lancer sa propre marque. Chose qui sera faite en 1990, avec l&rsquo;ouvre de  son magasin &agrave; Akwa. Misant tout particuli&egrave;rement sur l&rsquo;accessibilit&eacute;, la  diversit&eacute; mais aussi l&rsquo;originalit&eacute; de ses mod&egrave;les, il conna&icirc;t aussit&ocirc;t  un grand succ&egrave;s qui, jusqu&rsquo;ici reste pr&eacute;sent.<\/p>\n<p class=\"MsoNormal\" style=\"text-align: justify;\">Dans le souci de  partager sa passion et d&eacute;velopper la haute couture au Cameroun, il ouvre  parall&egrave;lement un centre de formation, &ldquo;Jemann Institute of Fashion&rdquo; qui  devient au fil des ann&eacute;es, l&rsquo;une des plus grandes &eacute;coles de mode de  l&rsquo;Afrique sud Sah&eacute;lienne. D&eacute;fenseurs des droits des couturiers au  Cameroun, Jemann &eacute;tait le pr&eacute;sident du groupement des couturiers et  confectionneurs du Cameroun (G3c). Dans le d&eacute;sir de promouvoir la mode  Africaine en g&eacute;n&eacute;ral et de faire de l&rsquo;Afrique centrale le carrefour de  la mode Africaine, il mit sur pied le festival &laquo; Afrique Azimuts &raquo; qui  accueillait &agrave; chaque &eacute;dition depuis 1997, des stylistes et c&eacute;l&eacute;brit&eacute;s de  renomm&eacute;es internationales au point d&rsquo;en faire un &eacute;v&eacute;nement comptant  parmi les grands rendez-vous de la mode africaine.<\/p>\n<p class=\"MsoNormal\" style=\"text-align: justify;\">Des distinctions  honorifiques, il y en a suffisamment eues. Il a &eacute;t&eacute; tour &agrave; tour Ciseau  d&rsquo;or de la mode en 1992 ; premier prix de Best of Fashion en 1998 ; prix  de l&rsquo;excellence Africaine 1999 ; Epi d&rsquo;or au Fenac &agrave; Limb&egrave; en 2000 ;  Golden Award de stylisme masculin en 2003. L&rsquo;intense activit&eacute; du d&eacute;funt  l&rsquo;a conduit &agrave; divers rendez-vous internationaux. Notamment, la nuit de  la mode &agrave; Cotonou en 1993 ; La nuit de la mode Africaine &agrave; Libreville en  1998 ; le Fima &agrave; Niamey respectivement en 1998, 2000,2003 ; la soir&eacute;e  du Lions cluc &agrave; Paris en 1999 ; les Kora de Johannesbourg en 2000 ; la  soir&eacute;e Afro-Am&eacute;ricaine &agrave; New York en 2000 ; l&rsquo;&eacute;lection des jeunes  stylistes cr&eacute;ateurs &agrave; Libreville en 2005. Cette est aussi celle des  d&eacute;buts de ses ennuis de sant&eacute;. Raison pour laquelle, il multipliera des  voyages en France pour des soins. En vain.<\/p>\n<p class=\"MsoNormal\" style=\"text-align: justify;\">Pour l&rsquo;ensemble de stylistes et mod&eacute;listes du Cameroun, c&rsquo;est une &eacute;norme perte en termes d&rsquo;exp&eacute;rience et d&rsquo;expertise.<\/p>\n<p>\n<span class=\"small\">&Eacute;crit par Louis Blaise Ongolo\t\t<\/span> \t\t&nbsp;&nbsp;<br \/>\nLA NOUVELLE EXPRESSION<\/p>\n","protected":false},"excerpt":{"rendered":"<p>Le styliste mod\u00e9liste, malade depuis quelques ann\u00e9es, a rendu l\u2019\u00e2me hier \u00e0 l\u2019h\u00f4pital g\u00e9n\u00e9ral de Douala. &#8211; &nbsp; La famille de la&hellip;<\/p>\n","protected":false},"author":1,"featured_media":0,"comment_status":"open","ping_status":"open","sticky":false,"template":"","format":"standard","meta":{"_lmt_disableupdate":"","_lmt_disable":"","footnotes":""},"categories":[3810],"tags":[],"class_list":["post-30309","post","type-post","status-publish","format-standard","hentry","category-archives"],"_links":{"self":[{"href":"https:\/\/mboasawa.com\/fr\/wp-json\/wp\/v2\/posts\/30309","targetHints":{"allow":["GET"]}}],"collection":[{"href":"https:\/\/mboasawa.com\/fr\/wp-json\/wp\/v2\/posts"}],"about":[{"href":"https:\/\/mboasawa.com\/fr\/wp-json\/wp\/v2\/types\/post"}],"author":[{"embeddable":true,"href":"https:\/\/mboasawa.com\/fr\/wp-json\/wp\/v2\/users\/1"}],"replies":[{"embeddable":true,"href":"https:\/\/mboasawa.com\/fr\/wp-json\/wp\/v2\/comments?post=30309"}],"version-history":[{"count":0,"href":"https:\/\/mboasawa.com\/fr\/wp-json\/wp\/v2\/posts\/30309\/revisions"}],"wp:attachment":[{"href":"https:\/\/mboasawa.com\/fr\/wp-json\/wp\/v2\/media?parent=30309"}],"wp:term":[{"taxonomy":"category","embeddable":true,"href":"https:\/\/mboasawa.com\/fr\/wp-json\/wp\/v2\/categories?post=30309"},{"taxonomy":"post_tag","embeddable":true,"href":"https:\/\/mboasawa.com\/fr\/wp-json\/wp\/v2\/tags?post=30309"}],"curies":[{"name":"wp","href":"https:\/\/api.w.org\/{rel}","templated":true}]}}