{"id":30318,"date":"2010-11-28T14:41:26","date_gmt":"2010-11-28T14:41:26","guid":{"rendered":""},"modified":"2006-01-01T00:00:00","modified_gmt":"2006-01-01T00:00:00","slug":"4109","status":"publish","type":"post","link":"https:\/\/mboasawa.com\/fr\/4109\/","title":{"rendered":"Biens mal acquis : l&rsquo;entourage du pr\u00e9sident d\u00e9nonce une manipulation"},"content":{"rendered":"<p>Au lendemain de l\u2019ouverture d&rsquo;une enqu\u00eate pr\u00e9liminaire \u00e0 Paris, le porte-parole du gouvernement camerounais r\u00e9agissait sur France24. Selon Issa Tchirouma, les accusations de d\u00e9tournement sont li\u00e9es \u00e0 l\u2019approche de l\u2019\u00e9lection pr\u00e9sidentielle. &#8211; <\/p>\n<p>&nbsp;<\/p>\n<div class=\"article-main-text\">\n<p>Le porte-parole du gouvernement camerounais, Issa Tchirouma, a r&eacute;agi jeudi soir sur l&rsquo;antenne de France24 &agrave; la plainte visant le pr&eacute;sident Biya en d&eacute;non&ccedil;ant une manipulation politique, alors que l&rsquo;&eacute;lection pr&eacute;sidentielle approche dans cet Etat d&rsquo;Afrique centrale.&nbsp;<\/p>\n<p>&quot;L&rsquo;approche de l&rsquo;&eacute;lection est le moment propice pour administrer les coups les plus sordides&quot;, a r&eacute;agi M. Tchirouma, ajoutant que la plainte d&eacute;pos&eacute;e par l&rsquo;Union pour une Diaspora Active (UDA) n&rsquo;&eacute;tait &quot;qu&rsquo;un coup d&rsquo;&eacute;p&eacute;e dans l&rsquo;eau&quot;.&nbsp;<\/p>\n<p>Plus t&ocirc;t dans la journ&eacute;e, M. Tchirouma avait d&eacute;nonc&eacute; aupr&egrave;s de l&rsquo;Agence France Presse une plainte instrumentalis&eacute;e par des &quot;commanditaires qui veulent ternir l&rsquo;image du Cameroun &agrave; travers son chef d&rsquo;Etat&quot; ou sont eux-m&ecirc;mes candidats &agrave; la pr&eacute;sidentielle qui devrait avoir lieu en octobre 2011.<\/p>\n<p><strong>La double-casquette de C&eacute;lestin Djamen<\/strong>&nbsp;<\/p>\n<p>Le parquet de Paris a ouvert mercredi une enqu&ecirc;te pr&eacute;liminaire suite &agrave; la plainte d&eacute;pos&eacute;e par l&rsquo;UDA &ndash; une association de ressortissants camerounais active en France et en Belgique &ndash; pour &quot;recel de d&eacute;tournement de fonds publics&quot;. La plainte vise le pr&eacute;sident Biya, que l&rsquo;UDA accuse d&rsquo;enrichissement personnel. Paul Biya est &agrave; la t&ecirc;te du Cameroun depuis 1982.&nbsp;<\/p>\n<p>En &eacute;voquant la pr&eacute;sidentielle camerounaise et une tentative de d&eacute;stabilisation politique, Issa Tchirouma vise indirectement l&rsquo;auteur de la plainte de l&rsquo;UDA, C&eacute;lestin Djamen. Ce dernier est en effet &agrave; la fois pr&eacute;sident de l&rsquo;UDA et probable candidat de l&rsquo;opposition &agrave; la pr&eacute;sidentielle sous les couleurs du Front Social D&eacute;mocratique (SDF).&nbsp;<\/p>\n<p><strong>&quot;Biya a &eacute;radiqu&eacute; la corruption&quot;<\/strong>&nbsp;<\/p>\n<p>Issa Tchirouma, qui est &eacute;galement ministre de la Communication, a aussi rejet&eacute; les soup&ccedil;ons selon lesquels le pr&eacute;sident Biya poss&egrave;derait en France un tr&egrave;s confortable patrimoine. Des &quot;mensonges grotesques&quot;, de la &quot;diffamation&quot; d&rsquo;apr&egrave;s M. Tchirouma, qui pr&eacute;cise que &quot;la s&eacute;r&eacute;nit&eacute; de Biya est imperturbable&quot; car &quot;ces accusations ne le concernent pas&quot;.&nbsp;<\/p>\n<p>En juin 2009, un rapport du Comit&eacute; catholique contre la faim et pour le d&eacute;veloppement (CCFD) pointait dans un rapport intitul&eacute; &quot;Biens mal acquis, &agrave; qui profite le crime ?&quot; les richesses qu&rsquo;aurait accumul&eacute; Paul Biya en plus de 30 ans de r&egrave;gne &agrave; la t&ecirc;te du Cameroun. Le rapport &eacute;voquait l&rsquo;achat de ch&acirc;teaux en France et en Allemagne, ainsi que de nombreuses soci&eacute;t&eacute;s dans les secteurs du bois et des mines. &quot;Ce ne sont pas les accusations d&rsquo;une ONG qui pourraient mettre &agrave; mal ces relations excellentes&quot; entre Paris et Yaound&eacute;, a ajout&eacute; le porte-parole du gouvernement camerounais.&nbsp;<\/p>\n<p>&quot;Biya a &eacute;radiqu&eacute; la corruption&quot;, a-t-il pr&eacute;cis&eacute;, prenant pour preuve le &quot;nombre de collaborateurs accus&eacute;s de corruption et mis en prison&quot;. &quot;La lutte contre la corruption est le cheval de bataille num&eacute;ro un du pr&eacute;sident&quot;, a conclu Issa Tchirouma.<\/p>\n<\/div>\n","protected":false},"excerpt":{"rendered":"<p>Au lendemain de l\u2019ouverture d&rsquo;une enqu\u00eate pr\u00e9liminaire \u00e0 Paris, le porte-parole du gouvernement camerounais r\u00e9agissait sur France24. Selon Issa Tchirouma, les accusations&hellip;<\/p>\n","protected":false},"author":1,"featured_media":0,"comment_status":"open","ping_status":"open","sticky":false,"template":"","format":"standard","meta":{"_lmt_disableupdate":"","_lmt_disable":"","footnotes":""},"categories":[3810],"tags":[],"class_list":["post-30318","post","type-post","status-publish","format-standard","hentry","category-archives"],"_links":{"self":[{"href":"https:\/\/mboasawa.com\/fr\/wp-json\/wp\/v2\/posts\/30318","targetHints":{"allow":["GET"]}}],"collection":[{"href":"https:\/\/mboasawa.com\/fr\/wp-json\/wp\/v2\/posts"}],"about":[{"href":"https:\/\/mboasawa.com\/fr\/wp-json\/wp\/v2\/types\/post"}],"author":[{"embeddable":true,"href":"https:\/\/mboasawa.com\/fr\/wp-json\/wp\/v2\/users\/1"}],"replies":[{"embeddable":true,"href":"https:\/\/mboasawa.com\/fr\/wp-json\/wp\/v2\/comments?post=30318"}],"version-history":[{"count":0,"href":"https:\/\/mboasawa.com\/fr\/wp-json\/wp\/v2\/posts\/30318\/revisions"}],"wp:attachment":[{"href":"https:\/\/mboasawa.com\/fr\/wp-json\/wp\/v2\/media?parent=30318"}],"wp:term":[{"taxonomy":"category","embeddable":true,"href":"https:\/\/mboasawa.com\/fr\/wp-json\/wp\/v2\/categories?post=30318"},{"taxonomy":"post_tag","embeddable":true,"href":"https:\/\/mboasawa.com\/fr\/wp-json\/wp\/v2\/tags?post=30318"}],"curies":[{"name":"wp","href":"https:\/\/api.w.org\/{rel}","templated":true}]}}