{"id":30387,"date":"2011-03-16T12:39:44","date_gmt":"2011-03-16T12:39:44","guid":{"rendered":""},"modified":"2006-01-01T00:00:00","modified_gmt":"2006-01-01T00:00:00","slug":"4187","status":"publish","type":"post","link":"https:\/\/mboasawa.com\/fr\/4187\/","title":{"rendered":"Florent Mbia ~ Baryton"},"content":{"rendered":"<p>\nAutodidacte au d\u00e9part, Florent rentre en 2002 dans la classe de chant de Fran\u00e7oise Petro \u00e0 l\u2019E.N.M.D de Montreuil et obtient le PREMIER PRIX avec f\u00e9licitations du jury en Juin 2008. &#8211; <\/p>\n<h2 class=\"post-title\">&nbsp;<\/h2>\n<div class=\"retour\"><a><img fetchpriority=\"high\" decoding=\"async\" height=\"700\" width=\"469\" alt=\"\" src=\"\/fr\/artpublic\/bibliotheque\/Image\/florent_mbia02.jpg\" \/><br \/>\n<\/a><\/div>\n<div class=\"column span-12\">\n<p>N&eacute; au  Cameroun, Florent Mbia commence &agrave; chanter d&egrave;s 14 ans dans les chorales  d&rsquo;&eacute;glises de Yaound&eacute;. Il entre en 2002 dans la classe de chant de  Fran&ccedil;oise Petro &agrave; l&rsquo;E.N.M.D de Montreuil et obtient son Premier Prix  avec f&eacute;licitations du jury en 2008, et un dipl&ocirc;me de C.F.E.M en 2006  avec mention Tr&egrave;s bien &agrave; l&rsquo;unanimit&eacute;. Finaliste en 2008 du Concours  International de Strasbourg, il obtient le Prix du Meilleur Baryton au  Concours international de Paris. Il s&rsquo;est vu confi&eacute; plusieurs r&ocirc;les  d&rsquo;op&eacute;ra tels l&rsquo;instituteur dans <em>Der Ja Sager<\/em> de Kurt Weil et <em>Celui qui dit non<\/em>, cr&eacute;ation de Jean Roudon, Papageno dans <em>La fl&ucirc;te enchant&eacute;e<\/em> de Mozart, <em>L&rsquo;enfant aux cheveux bleus<\/em>, cr&eacute;ation de Michel Zbar au Th&eacute;&acirc;tre Berthelot de Montreuil, Le Notaire dans <em>Don Pasquale<\/em> de Donizetti, Don Giovanni et Don Alfonso dans un spectacle, &agrave; l&rsquo;ile d&rsquo;Yeu, intitul&eacute; <em>Mozart se d&eacute;guise<\/em>,  mis en sc&egrave;ne par Stephen Taylor. Il a travaill&eacute; sous la baguette de  chefs comme Olivier Holt, Dominique Sourisse et Claude Schnitzler,  interpr&eacute;tant divers concerts et messes tels le <em>Requiem<\/em> de Durufl&eacute;, le <em>Requiem<\/em> de Faur&eacute;ou encore <em>Le Messie<\/em> de Haendel.<\/p>\n<p>Artiste des Ch&oelig;urs &agrave; l&rsquo;Op&eacute;ra de Paris, Florent Mbia est laur&eacute;at du  21&egrave;me Concours international de Chant de Clermont-Ferrand en 2009. Il  interpr&eacute;tera, pour la saison 2010\/2011, le r&ocirc;le de Norton dans <em>La Cambiale di Matrimonio<\/em>, mis en sc&egrave;ne par Rachel dufour, dans le cadre de la diffusion lyrique r&eacute;gionale en Auvergne, chantera <em>la Petite Messe Solennelle<\/em>  de Rossini avec les solistes de Lyon-Bernard T&eacute;tu et participera, en  2010, &agrave; la master-class Bellini, dirig&eacute;e &agrave; Clermont-Ferrand par Janine  Reiss.<\/p>\n<p><img decoding=\"async\" height=\"450\" width=\"299\" alt=\"\" src=\"\/fr\/artpublic\/bibliotheque\/Image\/Mbia_Florent.jpg\" \/><\/p>\n<p>\n<span style=\"font-size: 14pt; line-height: 115%; font-family: Symbol; color: rgb(102, 51, 0);\"><span style=\"\"><span style=\"font: 7pt &quot;Times New Roman&quot;;\">&nbsp;&nbsp;&nbsp;&nbsp;&nbsp;&nbsp;&nbsp;&nbsp;&nbsp;&nbsp;&nbsp;&nbsp;&nbsp;&nbsp;&nbsp;&nbsp; <\/span><\/span><\/span><b><span style=\"font-size: 14pt; line-height: 115%; font-family: &quot;Lucida Calligraphy&quot;; color: rgb(102, 51, 0);\">Premier Prix <\/span><\/b><span style=\"font-size: 14pt; line-height: 115%; font-family: &quot;Lucida Calligraphy&quot;; color: rgb(102, 51, 0);\">du Forum lyrique Europ&eacute;en d&rsquo;Arles 2009<\/span><\/p>\n<p class=\"MsoNormal\"><b><span style=\"font-size: 14pt; line-height: 115%; font-family: &quot;Lucida Calligraphy&quot;; color: rgb(102, 51, 0);\">&nbsp;<\/span><\/b><\/p>\n<p class=\"MsoNormal\" style=\"margin-left: 36pt; text-indent: -18pt; line-height: normal;\"><span style=\"font-size: 14pt; font-family: Symbol; color: rgb(102, 51, 0);\"><span style=\"\"><span style=\"font: 7pt &quot;Times New Roman&quot;;\">&nbsp;&nbsp;&nbsp; <\/span><\/span><\/span><b><span style=\"font-size: 14pt; font-family: &quot;Lucida Calligraphy&quot;; color: rgb(102, 51, 0);\">Laur&eacute;at de Trois prix <\/span><\/b><span style=\"font-size: 14pt; font-family: &quot;Lucida Calligraphy&quot;; color: rgb(102, 51, 0);\">au<b> <\/b>Concours International de<b> <\/b>chant de Clermont-Ferrand.<b> <\/b>2009.<\/span><\/p>\n<p class=\"MsoNormal\" style=\"line-height: normal;\"><b><span style=\"font-size: 14pt; font-family: &quot;Lucida Calligraphy&quot;; color: rgb(102, 51, 0);\">&nbsp;<\/span><\/b><\/p>\n<p class=\"MsoNormal\" style=\"margin-left: 36pt; text-indent: -18pt; line-height: normal;\"><span style=\"font-size: 14pt; font-family: Symbol; color: rgb(102, 51, 0);\"><span style=\"\"><span style=\"font: 7pt &quot;Times New Roman&quot;;\">&nbsp;&nbsp;&nbsp; <\/span><\/span><\/span><b><span style=\"font-size: 14pt; font-family: &quot;Lucida Calligraphy&quot;; color: rgb(102, 51, 0);\">Finaliste <\/span><\/b><span style=\"font-size: 14pt; font-family: &quot;Lucida Calligraphy&quot;; color: rgb(102, 51, 0);\">au concours international de chant&nbsp; de<b> <\/b>Strasbourg. 2008<\/span><\/p>\n<p class=\"MsoNormal\" style=\"line-height: normal;\"><b><span style=\"font-size: 14pt; font-family: &quot;Lucida Calligraphy&quot;; color: rgb(102, 51, 0);\">&nbsp;<\/span><\/b><\/p>\n<p class=\"MsoNormal\" style=\"margin-left: 36pt; text-indent: -18pt; line-height: normal;\"><span style=\"font-size: 14pt; font-family: Symbol; color: rgb(102, 51, 0);\"><span style=\"\"><span style=\"font: 7pt &quot;Times New Roman&quot;;\">&nbsp;&nbsp;&nbsp; <\/span><\/span><\/span><b><span style=\"font-size: 14pt; font-family: &quot;Lucida Calligraphy&quot;; color: rgb(102, 51, 0);\">Prix E.J Marshal <\/span><\/b><span style=\"font-family: &quot;Lucida Calligraphy&quot;; color: rgb(102, 51, 0);\">(meilleure prestation d&rsquo;un Baryton)<\/span><b><span style=\"font-size: 14pt; font-family: &quot;Lucida Calligraphy&quot;; color: rgb(102, 51, 0);\"> <\/span><\/b><span style=\"font-size: 14pt; font-family: &quot;Lucida Calligraphy&quot;; color: rgb(102, 51, 0);\">au concours international de Paris UFAM 2008, <\/span><span style=\"font-family: &quot;Lucida Calligraphy&quot;; color: rgb(102, 51, 0);\">degr&eacute; &laquo;&nbsp;<\/span><span style=\"font-size: 14pt; font-family: &quot;Lucida Calligraphy&quot;; color: rgb(102, 51, 0);\"> <\/span><span style=\"font-family: &quot;Lucida Calligraphy&quot;; color: rgb(102, 51, 0);\">Honneur <\/span><span style=\"font-size: 14pt; font-family: &quot;Lucida Calligraphy&quot;; color: rgb(102, 51, 0);\">&nbsp;&raquo;.<\/span><\/p>\n<p class=\"MsoNormal\" style=\"line-height: normal;\"><b><span style=\"font-size: 14pt; font-family: &quot;Lucida Calligraphy&quot;; color: rgb(102, 51, 0);\">&nbsp;<\/span><\/b><\/p>\n<p class=\"MsoNormal\" style=\"margin-left: 36pt; text-indent: -18pt; line-height: normal;\"><span style=\"font-size: 14pt; font-family: Symbol; color: rgb(102, 51, 0);\"><span style=\"\"><span style=\"font: 7pt &quot;Times New Roman&quot;;\">&nbsp;&nbsp;&nbsp; <\/span><\/span><\/span><b><span style=\"font-size: 14pt; font-family: &quot;Lucida Calligraphy&quot;; color: rgb(102, 51, 0);\">Premier Prix <\/span><\/b><span style=\"font-size: 14pt; font-family: &quot;Lucida Calligraphy&quot;; color: rgb(102, 51, 0);\">de conservatoire<\/span><span style=\"font-size: 14pt; font-family: &quot;Lucida Calligraphy&quot;; color: rgb(102, 51, 0);\"> <\/span><span style=\"font-family: &quot;Lucida Calligraphy&quot;; color: rgb(102, 51, 0);\">(Tr&egrave;s bien &agrave; l&rsquo;unanimit&eacute;<\/span><span style=\"font-size: 14pt; font-family: &quot;Lucida Calligraphy&quot;; color: rgb(102, 51, 0);\"> <\/span><span style=\"font-family: &quot;Lucida Calligraphy&quot;; color: rgb(102, 51, 0);\">avec f&eacute;licitations du jury)<\/span><\/p>\n<p class=\"MsoNormal\" style=\"line-height: normal;\"><b style=\"\"><span style=\"font-size: 14pt; font-family: &quot;Lucida Calligraphy&quot;; color: rgb(102, 51, 0);\">&nbsp;<\/span><\/b><\/p>\n<p><span style=\"font-size: 14pt; font-family: Symbol; color: rgb(102, 51, 0);\"><span style=\"\"><span style=\"font: 7pt &quot;Times New Roman&quot;;\">&nbsp;&nbsp;&nbsp;&nbsp;&nbsp;&nbsp;&nbsp;&nbsp;&nbsp;&nbsp;&nbsp;&nbsp;&nbsp;&nbsp;&nbsp;&nbsp;&nbsp;&nbsp; <\/span><\/span><\/span><b><span style=\"font-size: 14pt; font-family: &quot;Lucida Calligraphy&quot;; color: rgb(102, 51, 0);\">D.E.M <\/span><\/b><span style=\"font-size: 14pt; font-family: &quot;Lucida Calligraphy&quot;; color: rgb(102, 51, 0);\">de Musique de chambre<\/span><\/p>\n<p>&nbsp;<\/p>\n<\/div>\n<h4>Florent Mbia , Baryton<\/h4>\n<p>Artiste lyrique<\/p>\n<p>&nbsp;<\/p>\n<p>Autodidacte au  d&eacute;part, Florent  rentre en 2002 dans la classe de chant de Fran&ccedil;oise  Petro &agrave; l&rsquo;E.N.M.D de Montreuil et obtient le PREMIER PRIX  avec  f&eacute;licitations du jury en Juin 2008.<\/p>\n<p>Florent a &eacute;galement particip&eacute;  &agrave; de Master classes avec des personnalit&eacute;s musicales comme Jos&eacute; Cura,  Thomas Mauser, et Th&eacute;resa Berganza.<\/p>\n<p>Premier prix du Forum lyrique  Europ&eacute;en de Arles 2009 ; Il a aussi remport&eacute; trois prix au Concours  international de chant de Clermont-Ferrand (F&eacute;vrier 2009) et sera  d&eacute;sormais &agrave; l&rsquo;Op&eacute;ra de Clermont-Auvergne (2010-2012) pour chanter  le  r&ocirc;le de BASSE dans&laquo; La petite messe solennelle &raquo; de  Rossini, de NORTON  dans &laquo; La cambiale di matrimonio &raquo; de Rossini, et le r&ocirc;le de CAPELLIO  dans &laquo; I capuleleti e i Montecchi &raquo; de Bellini.<\/p>\n<p>En 2008,  il est FINALISTE du concours International de chant de Strasbourg et  obtient &eacute;galement le Prix E.J Marshall (Meilleur Baryton) au Concours  international de Paris (UFAM) degr&eacute; &laquo; Honneur &raquo;<\/p>\n<p>Gr&acirc;ce &agrave; son  talent et sn timbre hors du commun,Florent a aussi particip&eacute; &agrave; de  nombreux concours pristigieux tels que Mijam Helin &agrave; Helsinki en  Finnlande, Mos&eacute;rat Caball&eacute; et Fran&ccedil;isco Vinas en Espagne.<\/p>\n<p>Florent  a &eacute;t&eacute; ORPHEE dans Orph&eacute;e et erydice de C.W.Gluck, l&rsquo;INSTITUTEUR dans  Der Ja Sager de Kurt Weil, PAPAGENO dans La fl&ucirc;te enchant&eacute;e de Mozart,  DON GIOVANI, RENATO dans Le Bal masqu&eacute; de Verdi, BIG BILL BUG dans  &quot;Lenfant aux cheveux bleus&quot; une cr&eacute;ation de Michel Zbar, sous la  direction d&rsquo;Olivier Holt.<\/p>\n<p>Florent Mbia a &eacute;galement  travaill&eacute; sous la baguette des chefs d&rsquo;orchestre comme Jos&eacute; Cura,  Olivier Holt, Dominique sourisse et Claude Schniztler en tant que  soliste dans divers concerts et oratorios comme le Requiem de Durufl&eacute;,  le Requiem de Faur&eacute; le 4&egrave;me Mouvement de la Symphonie N&deg;9 de Beethoven,  Le Messie de G.F. Haendel.<\/p>\n<p>En 2009, il est Artiste des Choeurs &agrave;  l&rsquo;Op&eacute;ra de Paris et participe dans plusieurs projets comme soliste en  France et &agrave; l&rsquo; &eacute;tranger.<\/p>\n<p>Florent est l&rsquo;un des rares barytons en France qui s&rsquo;attaque avec succ&egrave;s au r&eacute;pertoire verdien malgr&eacute; son jeune &acirc;ge.<\/p>\n<p><a href=\"http:\/\/www.florentmbia.fr\" target=\"_blank\">http:\/\/www.florentmbia.fr<\/a><\/p>\n","protected":false},"excerpt":{"rendered":"<p>Autodidacte au d\u00e9part, Florent rentre en 2002 dans la classe de chant de Fran\u00e7oise Petro \u00e0 l\u2019E.N.M.D de Montreuil et obtient le&hellip;<\/p>\n","protected":false},"author":1,"featured_media":0,"comment_status":"open","ping_status":"open","sticky":false,"template":"","format":"standard","meta":{"_lmt_disableupdate":"","_lmt_disable":"","footnotes":""},"categories":[3810],"tags":[],"class_list":["post-30387","post","type-post","status-publish","format-standard","hentry","category-archives"],"_links":{"self":[{"href":"https:\/\/mboasawa.com\/fr\/wp-json\/wp\/v2\/posts\/30387","targetHints":{"allow":["GET"]}}],"collection":[{"href":"https:\/\/mboasawa.com\/fr\/wp-json\/wp\/v2\/posts"}],"about":[{"href":"https:\/\/mboasawa.com\/fr\/wp-json\/wp\/v2\/types\/post"}],"author":[{"embeddable":true,"href":"https:\/\/mboasawa.com\/fr\/wp-json\/wp\/v2\/users\/1"}],"replies":[{"embeddable":true,"href":"https:\/\/mboasawa.com\/fr\/wp-json\/wp\/v2\/comments?post=30387"}],"version-history":[{"count":0,"href":"https:\/\/mboasawa.com\/fr\/wp-json\/wp\/v2\/posts\/30387\/revisions"}],"wp:attachment":[{"href":"https:\/\/mboasawa.com\/fr\/wp-json\/wp\/v2\/media?parent=30387"}],"wp:term":[{"taxonomy":"category","embeddable":true,"href":"https:\/\/mboasawa.com\/fr\/wp-json\/wp\/v2\/categories?post=30387"},{"taxonomy":"post_tag","embeddable":true,"href":"https:\/\/mboasawa.com\/fr\/wp-json\/wp\/v2\/tags?post=30387"}],"curies":[{"name":"wp","href":"https:\/\/api.w.org\/{rel}","templated":true}]}}