{"id":30395,"date":"2011-04-22T23:12:30","date_gmt":"2011-04-22T23:12:30","guid":{"rendered":""},"modified":"2006-01-01T00:00:00","modified_gmt":"2006-01-01T00:00:00","slug":"4195","status":"publish","type":"post","link":"https:\/\/mboasawa.com\/fr\/4195\/","title":{"rendered":"Palmar\u00e8s Festival International du Film PanAfricain 2011"},"content":{"rendered":"<p>Dans le cadre de la 8\u00e8me \u00e9dition Festival International du Film PanAfricain de cannes, qui s&rsquo;est d\u00e9roul\u00e9 du 13 au 17 avril 2011 et apr\u00e8s avoir visionn\u00e9 une vingtaine d&rsquo;\u0153uvres cin\u00e9matographiques et audiovisuelles : Des documentaires, des courts et longs m\u00e9trage, fictions, repr\u00e9sentant 15 pays &#8230;. &#8211; <\/p>\n<p align=\"CENTER\" style=\"margin-bottom: 0cm;\"><font color=\"#ff0000\"><font size=\"3\">Communiqu&eacute; du Jury de la 8&egrave;me &eacute;dition du Festival International du Film PanAfricain de Cannes<\/font><\/font><\/p>\n<p align=\"CENTER\" style=\"margin-bottom: 0cm;\">&nbsp;<\/p>\n<p style=\"margin-bottom: 0cm;\">Dans le cadre de la 8&egrave;me &eacute;dition Festival  International du Film PanAfricain de cannes, qui s&rsquo;est d&eacute;roul&eacute; du 13 au  17 avril 2011 et apr&egrave;s avoir visionn&eacute; une vingtaine d&rsquo;&oelig;uvres  cin&eacute;matographiques et audiovisuelles : Des documentaires, des courts et  longs m&eacute;trage, fictions, repr&eacute;sentant 15 pays :<\/p>\n<ul>\n<li>\n<p style=\"margin-bottom: 0cm;\">Les &Eacute;tats unis d&rsquo;Am&eacute;rique<\/p>\n<\/li>\n<li>\n<p style=\"margin-bottom: 0cm;\">La France<\/p>\n<\/li>\n<li>\n<p style=\"margin-bottom: 0cm;\">Le Maroc<\/p>\n<\/li>\n<li>\n<p style=\"margin-bottom: 0cm;\">Le Nigeria<\/p>\n<\/li>\n<li>\n<p style=\"margin-bottom: 0cm;\">Le Cap Vert<\/p>\n<\/li>\n<li>\n<p style=\"margin-bottom: 0cm;\">La Suisse<\/p>\n<\/li>\n<li>\n<p style=\"margin-bottom: 0cm;\">Le Canada<\/p>\n<\/li>\n<li>\n<p style=\"margin-bottom: 0cm;\">L&rsquo;Allemagne<\/p>\n<\/li>\n<li>\n<p style=\"margin-bottom: 0cm;\">L&rsquo;Autriche<\/p>\n<\/li>\n<li>\n<p style=\"margin-bottom: 0cm;\">La Slovaquie<\/p>\n<\/li>\n<li>\n<p style=\"margin-bottom: 0cm;\">L&rsquo;Espagne<\/p>\n<\/li>\n<li>\n<p style=\"margin-bottom: 0cm;\">La Gr&egrave;ce<\/p>\n<\/li>\n<li>\n<p style=\"margin-bottom: 0cm;\">Le Cameroun,<\/p>\n<\/li>\n<li>\n<p style=\"margin-bottom: 0cm;\">l&rsquo;Angleterre<\/p>\n<\/li>\n<li>\n<p style=\"margin-bottom: 0cm;\">Et le Portugal<\/p>\n<\/li>\n<\/ul>\n<p style=\"margin-bottom: 0cm;\">&nbsp;<\/p>\n<p style=\"margin-bottom: 0cm;\">Les membres du Jury compos&eacute; de :<\/p>\n<p style=\"margin-bottom: 0cm;\">&nbsp;<\/p>\n<p style=\"margin-bottom: 0cm;\">Mesdames :<\/p>\n<p style=\"margin-bottom: 0cm;\">&nbsp;<\/p>\n<ul>\n<li>\n<p style=\"margin-bottom: 0cm;\">Laurentine MILEBO<\/p>\n<\/li>\n<li>\n<p style=\"margin-bottom: 0cm;\">Sofi DELAAGE (r&eacute;alisatrice et \tmonteuse &ndash; France)<\/p>\n<\/li>\n<li>\n<p style=\"margin-bottom: 0cm;\">Andrea SPENCE (Ancienne de \tl&rsquo;Universit&eacute; de Harvard, Artiste &ndash; U.S.A)<\/p>\n<\/li>\n<li>\n<p style=\"margin-bottom: 0cm;\">Francesca BARTELLINI \t(R&eacute;alisatrice, &eacute;crivaine, actrice, et Productrice &ndash; Italie)<\/p>\n<\/li>\n<\/ul>\n<p style=\"margin-bottom: 0cm;\">&nbsp;<\/p>\n<p style=\"margin-bottom: 0cm;\">Messieurs :<\/p>\n<p style=\"margin-bottom: 0cm;\">&nbsp;<\/p>\n<ul>\n<li>\n<p style=\"margin-bottom: 0cm;\">BOULOU EBANDA de B&rsquo;BERI (Directeur \t et Fondateur du laboratoire des M&eacute;dias audiovisuels pour l&rsquo;&eacute;tude \tdes  cultures et membre de la facult&eacute; des &eacute;tudes sup&eacute;rieures et \t postdoctorales de l&rsquo;Universit&eacute; d&rsquo;Ottawa &ndash; Canada)<\/p>\n<\/li>\n<li>\n<p style=\"margin-bottom: 0cm;\">Fran&ccedil;ois-Xavier GBRE (Photographe \t&ndash; France \/ C&ocirc;te d&rsquo;Ivoire)<\/p>\n<\/li>\n<\/ul>\n<p style=\"margin-bottom: 0cm;\">&nbsp;<\/p>\n<p style=\"margin-bottom: 0cm;\">Et de moi-m&ecirc;me Mohammed HAED BENSOUDA, r&eacute;alisateur et Producteur, Pr&eacute;sident de ce Jury International<\/p>\n<p style=\"margin-bottom: 0cm;\">&nbsp;<\/p>\n<p style=\"margin-bottom: 0cm;\">ont d&eacute;cid&eacute; ce qui suit :<\/p>\n<p style=\"margin-bottom: 0cm;\">&nbsp;<\/p>\n<p style=\"margin-bottom: 0cm;\"><font size=\"4\" style=\"font-size: 16pt;\"><u>I &ndash; Section Longs M&eacute;trages Fictions<\/u><\/font><\/p>\n<p style=\"margin-bottom: 0cm;\">&nbsp;<\/p>\n<p style=\"margin-bottom: 0cm;\">Pour sa juste interpr&eacute;tation, sa ma&icirc;trise  et son talent, ainsi que pour son r&eacute;alisme dans l&rsquo;approche du  personnage principal du film, le jury a d&eacute;cid&eacute; d&rsquo;accorder :<\/p>\n<p style=\"margin-bottom: 0cm;\">Une mention sp&eacute;ciale &agrave; :<\/p>\n<p align=\"CENTER\" style=\"margin-bottom: 0cm;\"><font size=\"4\" style=\"font-size: 16pt;\">&laquo;Lloyd Watts&raquo; pour son interpr&eacute;tation dans le Film &laquo;&nbsp;The Human Web&nbsp;&raquo; de Benedict Dorsey &ndash; (U.S.A)<\/font><\/p>\n<p style=\"margin-bottom: 0cm;\">&nbsp;<\/p>\n<p style=\"margin-bottom: 0cm;\">&nbsp;<\/p>\n<p align=\"LEFT\" style=\"margin-bottom: 0cm;\">Le Jury a aussi eu un coup de c&oelig;ur pour :<\/p>\n<p align=\"LEFT\" style=\"margin-bottom: 0cm;\">Sa fa&ccedil;on de mise en image  r&eacute;ussit, d&rsquo;une vie rythm&eacute;e par des myst&egrave;res, entre les r&ecirc;ves de femmes,  les hommes bleus et le silence du d&eacute;sert.<\/p>\n<p align=\"LEFT\" style=\"margin-bottom: 0cm;\">&nbsp;<\/p>\n<p align=\"CENTER\" style=\"margin-bottom: 0cm;\"><font size=\"4\" style=\"font-size: 16pt;\">&laquo;Taxiphone&raquo; de Mohammed Soudani (Suisse)<\/font><\/p>\n<p align=\"LEFT\" style=\"margin-bottom: 0cm;\">&nbsp;<\/p>\n<p align=\"LEFT\" style=\"margin-bottom: 0cm;\">Pour son ambition, sa  technique visuelle et sonore, sa direction d&rsquo;acteur et sa fa&ccedil;on  d&rsquo;aborder une page d&rsquo;histoire, avec douceur et sagesse, &agrave; travers une  autobiographie, sensible et empreint de beaut&eacute;.<\/p>\n<p align=\"LEFT\" style=\"margin-bottom: 0cm;\">&nbsp;<\/p>\n<p align=\"LEFT\" style=\"margin-bottom: 0cm;\">Le Prix du Meilleur Long M&eacute;trage de la 8&egrave;me &eacute;dition du Festival International du Film PanAfricain<\/p>\n<p align=\"LEFT\" style=\"margin-bottom: 0cm;\">de Cannes 2011 est attribu&eacute; &agrave; :<\/p>\n<p align=\"LEFT\" style=\"margin-bottom: 0cm;\">&nbsp;<\/p>\n<p align=\"CENTER\" style=\"margin-bottom: 0cm;\"><font size=\"4\" style=\"font-size: 16pt;\">&laquo;&nbsp;Ahmed Gassieux&nbsp;&raquo; de Isma&euml;l Saidi (Maroc \/ Belgique)<\/font><\/p>\n<p align=\"LEFT\" style=\"margin-bottom: 0cm;\">&nbsp;<\/p>\n<p align=\"LEFT\" style=\"margin-bottom: 0cm;\"><font size=\"4\" style=\"font-size: 16pt;\"><u>II &ndash; Section Films Documentaire<\/u><\/font><\/p>\n<p align=\"LEFT\" style=\"margin-bottom: 0cm;\">&nbsp;<\/p>\n<p align=\"LEFT\" style=\"margin-bottom: 0cm;\">Pour sa qualit&eacute; d&rsquo;&eacute;criture  parfaitement ma&icirc;tris&eacute;e et son point de vue mature et moderne, d&rsquo;une  cat&eacute;gorie d&rsquo;Africains en qu&ecirc;te de perspectives de carri&egrave;res  professionnelles, leur permettant une vie confortable, qui appara&icirc;t tr&egrave;s  &eacute;loign&eacute;e de la pauvret&eacute; de leur enfance.<\/p>\n<p align=\"LEFT\" style=\"margin-bottom: 0cm;\">Pour son audace et sa fa&ccedil;on  de mettre en image 50 ans d&rsquo;histoire tumultueuse d&rsquo;un monde secret et  d&rsquo;un syst&egrave;me qui perdure aujourd&rsquo;hui dans les 14 colonnes fran&ccedil;aises et  Afrique.<\/p>\n<p align=\"LEFT\" style=\"margin-bottom: 0cm;\">&nbsp;<\/p>\n<p align=\"LEFT\" style=\"margin-bottom: 0cm;\">2 mentions sp&eacute;ciales du Jury ont &eacute;t&eacute; d&eacute;cern&eacute;es pour les documentaires suivants :<\/p>\n<ul>\n<li>\n<p align=\"LEFT\" style=\"margin-bottom: 0cm;\">&laquo;&nbsp;Forerunners&nbsp;&raquo; \tde Simon Wood (Afrique du Sud)<\/p>\n<\/li>\n<li>\n<p align=\"LEFT\" style=\"margin-bottom: 0cm;\">Et &laquo;&nbsp;Fran&ccedil;afrique&nbsp;&raquo; \tde Patrick Benquet (France)<\/p>\n<\/li>\n<\/ul>\n<p align=\"LEFT\" style=\"margin-bottom: 0cm;\">&nbsp;<\/p>\n<p align=\"LEFT\" style=\"margin-bottom: 0cm;\">Pour son c&ocirc;t&eacute; historique et  esth&eacute;tique et sa fa&ccedil;on de reconstitution filmique de l&rsquo;histoire du  destin d&rsquo;ANGELIQUE, sa fa&ccedil;on de r&eacute;sistance et son courage ainsi que pour  l&rsquo;hommage et la dignit&eacute; rendue en image &agrave; cette femme noire de la  nouvelle France ignor&eacute;e par le temps. Marie-Josephe Ang&eacute;lique.<\/p>\n<p align=\"LEFT\" style=\"margin-bottom: 0cm;\">&nbsp;<\/p>\n<p align=\"LEFT\" style=\"margin-bottom: 0cm;\">Le prix du Meilleur Documentaire 2011 est attribu&eacute; au film :<\/p>\n<p align=\"LEFT\" style=\"margin-bottom: 0cm;\"><font size=\"4\" style=\"font-size: 16pt;\">&laquo;Les Mains Noires, Proc&egrave;s de l&rsquo;Esclave Incendiaire&nbsp;&raquo; de TETCHENA Belange (Canada)<\/font><\/p>\n<p align=\"LEFT\" style=\"margin-bottom: 0cm;\">&nbsp;<\/p>\n<p align=\"LEFT\" style=\"margin-bottom: 0cm;\">Section Films de Court M&eacute;trage 2011 est accord&eacute; au film :<\/p>\n<p align=\"LEFT\" style=\"margin-bottom: 0cm;\"><font size=\"4\" style=\"font-size: 16pt;\">&laquo;Viagem a Cabo Verde&raquo; de Joce Miguel Ribeiro (Portugal)<\/font><\/p>\n","protected":false},"excerpt":{"rendered":"<p>Dans le cadre de la 8\u00e8me \u00e9dition Festival International du Film PanAfricain de cannes, qui s&rsquo;est d\u00e9roul\u00e9 du 13 au 17 avril&hellip;<\/p>\n","protected":false},"author":1,"featured_media":0,"comment_status":"open","ping_status":"open","sticky":false,"template":"","format":"standard","meta":{"_lmt_disableupdate":"","_lmt_disable":"","footnotes":""},"categories":[3810],"tags":[],"class_list":["post-30395","post","type-post","status-publish","format-standard","hentry","category-archives"],"_links":{"self":[{"href":"https:\/\/mboasawa.com\/fr\/wp-json\/wp\/v2\/posts\/30395","targetHints":{"allow":["GET"]}}],"collection":[{"href":"https:\/\/mboasawa.com\/fr\/wp-json\/wp\/v2\/posts"}],"about":[{"href":"https:\/\/mboasawa.com\/fr\/wp-json\/wp\/v2\/types\/post"}],"author":[{"embeddable":true,"href":"https:\/\/mboasawa.com\/fr\/wp-json\/wp\/v2\/users\/1"}],"replies":[{"embeddable":true,"href":"https:\/\/mboasawa.com\/fr\/wp-json\/wp\/v2\/comments?post=30395"}],"version-history":[{"count":0,"href":"https:\/\/mboasawa.com\/fr\/wp-json\/wp\/v2\/posts\/30395\/revisions"}],"wp:attachment":[{"href":"https:\/\/mboasawa.com\/fr\/wp-json\/wp\/v2\/media?parent=30395"}],"wp:term":[{"taxonomy":"category","embeddable":true,"href":"https:\/\/mboasawa.com\/fr\/wp-json\/wp\/v2\/categories?post=30395"},{"taxonomy":"post_tag","embeddable":true,"href":"https:\/\/mboasawa.com\/fr\/wp-json\/wp\/v2\/tags?post=30395"}],"curies":[{"name":"wp","href":"https:\/\/api.w.org\/{rel}","templated":true}]}}