{"id":30399,"date":"2011-04-30T10:31:57","date_gmt":"2011-04-30T10:31:57","guid":{"rendered":""},"modified":"2006-01-01T00:00:00","modified_gmt":"2006-01-01T00:00:00","slug":"4200","status":"publish","type":"post","link":"https:\/\/mboasawa.com\/fr\/4200\/","title":{"rendered":"Court m\u00e9trage :L\u2019art en images"},"content":{"rendered":"<p>\nDe jeunes r\u00e9alisateurs ont  projet\u00e9 leurs \u0153uvres mercredi dernier \u00e0 l\u2019Institut Goethe.Pour cette autre projection mensuelle de courts m\u00e9trages n\u00e9e du festival \u00ab image en live \u00bb, on a assist\u00e9 \u00e0 quatre documentaires.  &#8211; <\/p>\n<p><i style=\"\"><span style=\"font-size: 12pt; font-family: &quot;Times New Roman&quot;;\"><br \/>\n<\/span><\/i><\/p>\n<p>&nbsp;<\/p>\n<p style=\"margin-bottom: 0.0001pt; text-align: justify; line-height: normal;\" class=\"MsoNormal\"><span style=\"font-size: 12pt; font-family: &quot;Times New Roman&quot;;\">&laquo;&nbsp;L&rsquo;endurance&nbsp;&raquo;,  &laquo;&nbsp;Moto taxi&nbsp;&raquo;, &laquo;&nbsp;La cigarette est mon &eacute;poux&nbsp;&raquo; et &laquo;&nbsp;Est-ce possible&nbsp;?&nbsp;&raquo;.  Cette projection des &oelig;uvres d&rsquo;artistes en herbe a pench&eacute; en g&eacute;n&eacute;ral sur  les th&egrave;mes de l&rsquo;&eacute;cole de la pauvret&eacute;, la mauvaise camaraderie, les  r&ecirc;ves de jeunesse irr&eacute;alisables, les malheurs des enfants issus des  familles pauvres, pour montrer comment le cin&eacute;ma avait besoin d&rsquo;&ecirc;tre  expliqu&eacute; au profane<\/span><\/p>\n<p style=\"margin-bottom: 0.0001pt; text-align: justify; line-height: normal;\" class=\"MsoNormal\"><span style=\"font-size: 12pt; font-family: &quot;Times New Roman&quot;;\">Dans  le premier court m&eacute;trage, qui est un film biographique, le r&eacute;alisateur  se met &agrave; la place du personnage pour montrer un jeune homme dont le r&ecirc;ve  &eacute;tait de devenir coiffeur, mais qui s&rsquo;est retrouv&eacute; peintre. Le titre <i style=\"\">&laquo;&nbsp;L&rsquo;endurance&nbsp;&raquo;<\/i>  vient ainsi montrer les &eacute;chelons qu&rsquo;il franchit du fait de la pauvret&eacute;  de sa famille et pr&eacute;cis&eacute;ment de son p&egrave;re qu&rsquo;il accusait. Ces exp&eacute;riences  lui ont valu des prix au plan national et international, gr&acirc;ce au  soutien de ses amis. A travers cette exp&eacute;rience v&eacute;cue, il regrette  d&rsquo;avoir jet&eacute; la faute sur son p&egrave;re. Pour le mod&eacute;rateur, Jean Marie Mollo  Olinga, deuxi&egrave;me vice-pr&eacute;sident de la F&eacute;d&eacute;ration &laquo;&nbsp;fricaine de critique  cin&eacute;matographique, &laquo;&nbsp;<i>c&rsquo;est le meilleur de tous, de par son  originalit&eacute;. On voit au d&eacute;but de son histoire un dessein et &agrave; la fin il  ressort &agrave; travers son portrait le m&eacute;tier de peintre qu&rsquo;il exerce&nbsp;<\/i>&raquo;.<\/span><\/p>\n<p style=\"margin-bottom: 0.0001pt; text-align: justify; line-height: normal;\" class=\"MsoNormal\"><b style=\"\"><span style=\"font-size: 12pt; font-family: &quot;Times New Roman&quot;;\">Mauvaise camaraderie<\/span><\/b><\/p>\n<p style=\"margin-bottom: 0.0001pt; text-align: justify; line-height: normal;\" class=\"MsoNormal\"><span style=\"font-size: 12pt; font-family: &quot;Times New Roman&quot;;\">Le  second documentaire d&rsquo;Amadou Issa, intitul&eacute; &laquo;&nbsp;Moto-taxi&nbsp;&raquo; quant &agrave; lui,  relate la vie d&rsquo;un r&eacute;alisateur qui voulait conna&icirc;tre le quotidien des  motos-taxis sous le portrait de son ami d&rsquo;enfance. Mais, son r&ecirc;ve s&rsquo;est  achev&eacute; en queue de poisson parce qu&rsquo;il est pris au pi&egrave;ge par les agents  de la police, qui lui demande 50.000 francs pour rentrer en possession  de leurs deux motos, parce qu&rsquo;il n&rsquo;a pas ses papiers. Selon le  mod&eacute;rateur, &laquo; <i style=\"\">ce film a &eacute;t&eacute; tr&egrave;s mal taill&eacute;, mais seulement,  il n&eacute;cessite qu&rsquo;on explique le cin&eacute;ma &nbsp;au profane qui ignore encore les  r&egrave;gles et aussi il montre que quel que soit le chemin emprunt&eacute;&nbsp;par la  jeunesse, elle est prise au pi&egrave;ge<\/i>&nbsp;&raquo;.<\/span><\/p>\n<p style=\"margin-bottom: 0.0001pt; text-align: justify; line-height: normal;\" class=\"MsoNormal\"><span style=\"font-size: 12pt; font-family: &quot;Times New Roman&quot;;\">&laquo;&nbsp;<i style=\"\">La cigarette est mon &eacute;poux&nbsp;&raquo;<\/i>, nous pr&eacute;sente dans un personnage le r&eacute;alisateur qui raconte &agrave; travers les &laquo;&nbsp;<i>je<\/i>&nbsp;&raquo; et &laquo;&nbsp;<i>on<\/i>&nbsp;&raquo;,  son histoire et celui d&rsquo;autres personnes qui, &agrave; cause de la mauvaise  camaraderie, se retrouvent &agrave; fumer la cigarette qui d&eacute;truit leur vie par  des maladies telles que le cancer, la cirrhose, etc. L&rsquo;actrice  principale ach&egrave;ve son histoire par une citation&nbsp;: &laquo;&nbsp;<i>j&rsquo;&eacute;tais m&ucirc;r, mais vide parce que la cigarette m&rsquo;a tout vol&eacute;e<\/i>&nbsp;&raquo;. Le tout dernier, <i style=\"\">&laquo;&nbsp;Est ce possible&nbsp;&raquo;<\/i> du r&eacute;alisateur Jean Marcel Kpoumi&eacute; voulait montrer comment une id&eacute;e devient un film. &laquo;&nbsp;<i>J&rsquo;ai  ressorti dans ce film, la cons&eacute;quence de la pauvret&eacute; &agrave; travers  l&rsquo;histoire d&rsquo;un p&egrave;re de neuf enfants, joueur de tennis qui n&rsquo;a pu &eacute;lever  sa prog&eacute;niture et qui souhaite qu&rsquo;au moins trois aient leurs  baccalaur&eacute;at<\/i>&nbsp;&raquo;.<\/span><\/p>\n<p style=\"margin-bottom: 0.0001pt; text-align: justify; line-height: normal;\" class=\"MsoNormal\"><span style=\"font-size: 12pt; font-family: &quot;Times New Roman&quot;;\">Pour  ces projections, qui selon Tecla Worche, animatrice &agrave; l&rsquo;Institut  Goethe, ont eu deux &agrave; trois semaines de pr&eacute;paration, quelques  manquements ont &eacute;t&eacute; relev&eacute;s. N&eacute;anmoins, elles ont &eacute;t&eacute; appr&eacute;ci&eacute;es par le  public. &laquo;&nbsp;C<i>&rsquo;&eacute;tait tr&egrave;s int&eacute;ressant, chaque histoire avait sa  probl&eacute;matique. Dans le fond, les histoires pas fameuses montrent que ce  sont des premi&egrave;res &oelig;uvres&nbsp;<\/i>&raquo;, d&eacute;roule Axel Mboua, sc&eacute;nariste.<\/p>\n<p>\n<\/span><span class=\"small\">Rosine Ngatcham (Stagiaire)<\/span><span style=\"font-size: 12pt; font-family: &quot;Times New Roman&quot;;\"><br \/>\n<\/span><\/p>\n","protected":false},"excerpt":{"rendered":"<p>De jeunes r\u00e9alisateurs ont projet\u00e9 leurs \u0153uvres mercredi dernier \u00e0 l\u2019Institut Goethe.Pour cette autre projection mensuelle de courts m\u00e9trages n\u00e9e du festival&hellip;<\/p>\n","protected":false},"author":1,"featured_media":0,"comment_status":"open","ping_status":"open","sticky":false,"template":"","format":"standard","meta":{"_lmt_disableupdate":"","_lmt_disable":"","footnotes":""},"categories":[3810],"tags":[],"class_list":["post-30399","post","type-post","status-publish","format-standard","hentry","category-archives"],"_links":{"self":[{"href":"https:\/\/mboasawa.com\/fr\/wp-json\/wp\/v2\/posts\/30399","targetHints":{"allow":["GET"]}}],"collection":[{"href":"https:\/\/mboasawa.com\/fr\/wp-json\/wp\/v2\/posts"}],"about":[{"href":"https:\/\/mboasawa.com\/fr\/wp-json\/wp\/v2\/types\/post"}],"author":[{"embeddable":true,"href":"https:\/\/mboasawa.com\/fr\/wp-json\/wp\/v2\/users\/1"}],"replies":[{"embeddable":true,"href":"https:\/\/mboasawa.com\/fr\/wp-json\/wp\/v2\/comments?post=30399"}],"version-history":[{"count":0,"href":"https:\/\/mboasawa.com\/fr\/wp-json\/wp\/v2\/posts\/30399\/revisions"}],"wp:attachment":[{"href":"https:\/\/mboasawa.com\/fr\/wp-json\/wp\/v2\/media?parent=30399"}],"wp:term":[{"taxonomy":"category","embeddable":true,"href":"https:\/\/mboasawa.com\/fr\/wp-json\/wp\/v2\/categories?post=30399"},{"taxonomy":"post_tag","embeddable":true,"href":"https:\/\/mboasawa.com\/fr\/wp-json\/wp\/v2\/tags?post=30399"}],"curies":[{"name":"wp","href":"https:\/\/api.w.org\/{rel}","templated":true}]}}