{"id":30407,"date":"2011-04-30T11:16:17","date_gmt":"2011-04-30T11:16:17","guid":{"rendered":""},"modified":"2006-01-01T00:00:00","modified_gmt":"2006-01-01T00:00:00","slug":"4208","status":"publish","type":"post","link":"https:\/\/mboasawa.com\/fr\/4208\/","title":{"rendered":"Abb\u00e9 Janvier Nama: Nous voulons c\u00e9l\u00e9brer le travail par le chant  religieux"},"content":{"rendered":"<p>Le vicaire \u00e9piscopal charg\u00e9 de l\u2019Aum\u00f4nerie des universit\u00e9s et grandes \u00e9coles dans l\u2019archidioc\u00e8se de Yaound\u00e9 explique la signification du concours-concert de ce samedi. &#8211; <\/p>\n<p><strong>Quel est l&rsquo;objectif de la comp&eacute;tition de musique religieuse d&rsquo;inspiration chr&eacute;tienne que vous organisez entant qu&rsquo;Eglise ce week-end ? <\/strong><\/p>\n<p><\/br>Il y a une trilogie de faits qui peut pr&eacute;sider &agrave; la compr&eacute;hension de cet &eacute;v&eacute;nement: L&rsquo;Eglise catholique qui est &agrave; Yaound&eacute; se situe dans la mouvance de la nouvelle &eacute;vang&eacute;lisation pr&ocirc;n&eacute;e par Jean Paul II et continu&eacute;e par le Pape Beno&icirc;t XVI, durant son pontificat proph&eacute;tique. Ensuite, Ce concours-concert se situe &agrave; la veille de la b&eacute;atification du Pape jean Paul II qui aura travaill&eacute; &agrave; humaniser le travail humain par un enseignement magist&eacute;riel clair.<br \/>\nCet &eacute;v&eacute;nement se situe enfin, au c&oelig;ur m&ecirc;me du recrutement par l&rsquo;Etat de 25 000 jeunes &agrave; la Fonction publique. Chacun connait d&rsquo;ailleurs l&rsquo;adage: &laquo;Chanter, c&rsquo;est prier deux fois&raquo;. Il s&rsquo;agira d&rsquo;offrir, dans un &eacute;lan commun, toutes angoisses et tous les espoirs de notre jeunesse &agrave; l&rsquo;Etre supr&ecirc;me qui est Dieu et qui pr&eacute;side autant au destin des hommes qu&rsquo;&agrave; celui des Nations. Il faut entendre que les aum&ocirc;niers ont travaill&eacute; cette ann&eacute;e sur la question non aboutie du travail.<\/p>\n<p><strong>La p&eacute;riode choisie (P&acirc;ques), est-elle dou&eacute;e de symbolique ?<\/strong><br \/>\nBien s&ucirc;r! Ce concours-concert est organis&eacute; &agrave; la veille du dimanche dit des apparitions postpascales du Seigneur &agrave; ses disciples et au c&oelig;ur de la f&ecirc;te du travail dont St Joseph, le p&egrave;re nourricier de J&eacute;sus en est le saint patron. L&rsquo;Eglise est encore ici, en pleine c&eacute;l&eacute;bration des myst&egrave;res du salut. Et la joie de cette c&eacute;l&eacute;bration ne peut retentir et &eacute;clater en dehors de nos campus o&ugrave; le mandat &agrave; nous offert par J&eacute;sus-Christ, est d&rsquo;accompagner, de former et de structurer les d&eacute;cideurs de demain que sont nos &eacute;tudiants &agrave; r&eacute;pondre avec pertinence aux exigences intellectuelles et axiologiques qui devraient structurer l&rsquo;homme accompli.<\/p>\n<p><strong>Combien d&rsquo;universit&eacute;s mettez-vous en sc&egrave;ne au cours de ce concert de musique religieuse? Qu&rsquo;est-ce qui a pr&eacute;sid&eacute; &agrave; la s&eacute;lection? <\/strong><br \/>\nSix universit&eacute;s vont se produire sur la sc&egrave;ne de la Basilique Marie-reine-des-Ap&ocirc;tres et patronne du Cameroun, ce samedi 30 avril 2011 &agrave; partir de 18h. C&rsquo;est la r&eacute;gularit&eacute; aux activit&eacute;s organis&eacute;es par l&rsquo;Aum&ocirc;nerie des universit&eacute;s et grandes &eacute;coles de la ville de Yaound&eacute; qui est le seul crit&egrave;re de s&eacute;lection. On sait que c&rsquo;est peut-&ecirc;tre arbitraire, mais le fait que ce soit la premi&egrave;re &eacute;dition de ce type de concours, plaide en notre faveur si jamais l&rsquo;on nous fait le reproche qui peut bien &ecirc;tre justifi&eacute;. Dans l&rsquo;avenir en tout cas, nous promettons d&rsquo;&eacute;largir le panel des participants.<\/p>\n<p><strong>L&rsquo;on a vu l&rsquo;Eglise catholique romaine sur le front de la pr&eacute;dication populaire &agrave; travers les &laquo;Christstades&raquo; au cours de ces derni&egrave;res ann&eacute;es. La promotion de l&rsquo;Evangile par le chant religieux s&rsquo;inscrit-elle dans cette m&ecirc;me donne?<\/strong> <br \/>\nComme je disais d&eacute;j&agrave;, l&rsquo;Eglise catholique qui est &agrave; Yaound&eacute; se situe dans cet &eacute;v&eacute;nement au c&oelig;ur m&ecirc;me de la Nouvelle &eacute;vang&eacute;lisation. Par les moyens humains et mat&eacute;riels qui lui sont propres, notre institution ob&eacute;it aux injonctions de son Fondateur et ma&icirc;tre, J&eacute;sus Christ qui nous demande d&rsquo;annoncer l&rsquo;Evangile &agrave; toute la cr&eacute;ation.<br \/>\nAnnon&ccedil;ant ainsi cette parole de vie, les disciples du crucifi&eacute;-ressuscit&eacute; transforment les mentalit&eacute;s, purifient les consciences et forment les hommes de notre temps &agrave; savoir, distinguer le mal et le bien et surtout &agrave; savoir discerner le vrai et le faux au c&oelig;ur m&ecirc;me de la crise de la v&eacute;rit&eacute; dont est sujet notre soci&eacute;t&eacute;. Cette expertise que cr&eacute;dibilise le long travail des si&egrave;cles, place ainsi l&rsquo;Eglise catholique comme une force propositionnelle fiable et efficace au milieu des gourous et pseudo-proph&egrave;tes qui ne viennent que pour perdre le peuple de Dieu.<\/p>\n<p><strong>Apr&egrave;s le concert de ce week-end, quelle est la prochaine &eacute;tape ? <\/strong><br \/>\nUne r&eacute;flexion est en m&ucirc;rissement en ce moment concernant l&rsquo;ouvrage-interview de Beno&icirc;t XVI, Lumi&egrave;re du monde. Une fois de plus, la pens&eacute;e du Sait P&egrave;re a fait l&rsquo;objet d&rsquo;une exploitation id&eacute;ologique, loin de la pens&eacute;e de son auteur, notamment sur l&rsquo;usage du pr&eacute;servatif. Loin d&rsquo;avoir chang&eacute; la doctrine catholique sur la morale sexuelle et familiale, le Sait P&egrave;re a confirm&eacute; celle-ci en s&rsquo;inscrivant dans la tradition de l&rsquo;Eglise et de ses successeurs. Dans les prochains jours, nous voulons organiser une conf&eacute;rence au cours de laquelle nos sp&eacute;cialistes vont restaurer une v&eacute;rit&eacute; &eacute;dulcor&eacute;e, frelat&eacute;e et falsifi&eacute;e par certains m&eacute;dias au sujet de la doctrine claire de l&rsquo;Eglise en ce qui concerne le pr&eacute;servatif.<\/p>\n<p>Propos recueillis par L&eacute;ger Ntiga<\/p>\n","protected":false},"excerpt":{"rendered":"<p>Le vicaire \u00e9piscopal charg\u00e9 de l\u2019Aum\u00f4nerie des universit\u00e9s et grandes \u00e9coles dans l\u2019archidioc\u00e8se de Yaound\u00e9 explique la signification du concours-concert de ce&hellip;<\/p>\n","protected":false},"author":1,"featured_media":0,"comment_status":"open","ping_status":"open","sticky":false,"template":"","format":"standard","meta":{"_lmt_disableupdate":"","_lmt_disable":"","footnotes":""},"categories":[3810],"tags":[],"class_list":["post-30407","post","type-post","status-publish","format-standard","hentry","category-archives"],"_links":{"self":[{"href":"https:\/\/mboasawa.com\/fr\/wp-json\/wp\/v2\/posts\/30407","targetHints":{"allow":["GET"]}}],"collection":[{"href":"https:\/\/mboasawa.com\/fr\/wp-json\/wp\/v2\/posts"}],"about":[{"href":"https:\/\/mboasawa.com\/fr\/wp-json\/wp\/v2\/types\/post"}],"author":[{"embeddable":true,"href":"https:\/\/mboasawa.com\/fr\/wp-json\/wp\/v2\/users\/1"}],"replies":[{"embeddable":true,"href":"https:\/\/mboasawa.com\/fr\/wp-json\/wp\/v2\/comments?post=30407"}],"version-history":[{"count":0,"href":"https:\/\/mboasawa.com\/fr\/wp-json\/wp\/v2\/posts\/30407\/revisions"}],"wp:attachment":[{"href":"https:\/\/mboasawa.com\/fr\/wp-json\/wp\/v2\/media?parent=30407"}],"wp:term":[{"taxonomy":"category","embeddable":true,"href":"https:\/\/mboasawa.com\/fr\/wp-json\/wp\/v2\/categories?post=30407"},{"taxonomy":"post_tag","embeddable":true,"href":"https:\/\/mboasawa.com\/fr\/wp-json\/wp\/v2\/tags?post=30407"}],"curies":[{"name":"wp","href":"https:\/\/api.w.org\/{rel}","templated":true}]}}