{"id":30423,"date":"2011-06-01T00:48:48","date_gmt":"2011-06-01T00:48:48","guid":{"rendered":""},"modified":"2006-01-01T00:00:00","modified_gmt":"2006-01-01T00:00:00","slug":"4224","status":"publish","type":"post","link":"https:\/\/mboasawa.com\/fr\/4224\/","title":{"rendered":"Revirement :De la robe \u00e0 la guitare"},"content":{"rendered":"<p>\nAvocat au barreau du Cameroun et au tribunal p\u00e9nal international pour le Rwanda (Tpir), ma\u00eetre Jean de Dieu Momo vient de mettre sur le march\u00e9 un album dans lequel il appelle les patriotes Camerounais \u00e0 se lever pour prendre le pouvoir. &#8211; <\/p>\n<p>\n<span style=\"font-size:12.0pt;font-family:&quot;Times New Roman&quot;\">Ce  n&rsquo;est pas chaque jour qu&rsquo;un avocat chante. C&rsquo;est pourtant ce que vient  de faire Ma&icirc;tre Jean de Dieu Momo, avocat au barreau du Cameroun. Celui  que l&rsquo;on appelle souvent <i style=\"mso-bidi-font-style:normal\">&laquo;&nbsp;avocat des veuves et des orphelins&nbsp;&raquo;<\/i> vient de mettre dur le march&eacute; un album de cinq titres intitul&eacute; <i style=\"mso-bidi-font-style:normal\">&laquo;&nbsp;Commandement op&eacute;rationnel&nbsp;&raquo;.<\/i>  Evidemment, dans ce titre &eacute;ponyme, l&rsquo;auteur revient sur le commandement  op&eacute;rationnel instaur&eacute; dans la ville de Douala au d&eacute;but des ann&eacute;es 2000  avant d&rsquo;&ecirc;tre lev&eacute; environ un an plus tard apr&egrave;s de nombreux abus dont le  clou n&rsquo;est autre que l&rsquo;affaire des <i style=\"mso-bidi-font-style:normal\">&laquo;&nbsp;neuf de B&eacute;panda&nbsp;&raquo;<\/i>.  Et personne n&rsquo;est mieux plac&eacute; que Me Jean de Dieu Momo pour en parler&nbsp;;  lui qui est l&rsquo;avocat du collectif des familles de ces neuf jeunes gens  enlev&eacute;s alors et rest&eacute;s sans nouvelles jusqu&rsquo;&agrave; ce jour.C&rsquo;est d&rsquo;ailleurs  la raison pour laquelle il a donn&eacute; ce titre &agrave; l&rsquo;ensemble de l&rsquo;album. Il  explique&nbsp;: <i style=\"mso-bidi-font-style:normal\">&laquo;&nbsp;C&rsquo;est parce que  j&rsquo;aime beaucoup cette chanson qui m&rsquo;est venue en t&ecirc;te un matin au saut  du lit. Et puis j&rsquo;ai voulu d&eacute;dier mon tout premier album aux malheureux  qui ont &eacute;t&eacute; massacr&eacute;s par le commandement op&eacute;rationnel. Vous savez,  c&rsquo;est une des plus grandes affaires que j&rsquo;ai plaid&eacute;es, dans un contexte  de stress total, au tribunal militaire de Yaound&eacute;, presque dans la  gueule du loup si j&rsquo;ose dire. C&rsquo;est le seul dossier &agrave; ce jour apr&egrave;s  lequel lorsque je sortais du Tribunal, je m&rsquo;attendais &agrave; recevoir une  balle dans la t&ecirc;te a tout moment, et je devais m&rsquo;enfoncer dans le taxi  pour &eacute;viter les tirs d&rsquo;un sniper embusqu&eacute;. Une fois j&rsquo;ai m&ecirc;me sursaut&eacute;  en voyant mon ombre se profiler sur le mur devant moi, c&rsquo;&eacute;tait quand ils  avaient vers&eacute; le sang et d&eacute;capit&eacute; un poussin pour le jeter devant mon  bureau.&nbsp;&raquo;<\/i><\/span><\/p>\n<p style=\"margin-bottom:0cm;margin-bottom:.0001pt;text-align:\njustify;line-height:normal\" class=\"MsoNormal\"><b style=\"mso-bidi-font-weight:normal\"><span style=\"font-size:12.0pt;font-family:&quot;Times New Roman&quot;\">M&eacute;lodie et rythme<\/span><\/b><\/p>\n<p style=\"margin-bottom:0cm;margin-bottom:.0001pt;text-align:\njustify;line-height:normal\" class=\"MsoNormal\"><span style=\"font-size:12.0pt;font-family:&quot;Times New Roman&quot;\">En  &eacute;coutant ce titre qui est le premier de l&rsquo;album, l&rsquo;on est imm&eacute;diatement  s&eacute;duit aussi bien par la qualit&eacute; de la m&eacute;lodie et le rythme qui m&ecirc;le  all&egrave;grement reggae et sonorit&eacute;s locales. Ce qui en fait une musique  agr&eacute;able &agrave; &eacute;couter. M&ecirc;me si l&rsquo;on ne capte pas toujours le message que  l&rsquo;auteur d&eacute;livre essentiellement en langue locale. Un obstacle qui est  cependant lev&eacute; d&egrave;s que l&rsquo;on regarde la version vid&eacute;o de cet album. Ici,  ce titre est accompagn&eacute; d&rsquo;une transcription des textes en fran&ccedil;ais et en  anglais.<\/span><\/p>\n<p style=\"margin-bottom:0cm;margin-bottom:.0001pt;text-align:\njustify;line-height:normal\" class=\"MsoNormal\"><span style=\"font-size:12.0pt;font-family:&quot;Times New Roman&quot;\">Tout  aussi m&eacute;lodieux et agr&eacute;ables &agrave; &eacute;couter sont les quatre autres titres  qui confirment l&rsquo;engagement politique de cet avocat qui est d&eacute;sormais  pr&eacute;sident d&rsquo;un parti politique d&eacute;nomm&eacute; Paddec (Patriotes D&eacute;mocrates pour  le D&eacute;veloppement du Cameroun). Dans le titre <i style=\"mso-bidi-font-style:normal\">&laquo;&nbsp;Venez me tromper&nbsp;&raquo;,<\/i>  il d&eacute;nonce les privatisations qui ont vu les soci&eacute;t&eacute;s &eacute;trang&egrave;res entrer  dans le capital des entreprises qui &eacute;taient autrefois les fleurons de  l&rsquo;&eacute;conomie camerounaise. De la Sonel &agrave; la Regifercam en passant par le  port autonome de Douala.<\/span><\/p>\n<p style=\"margin-bottom:0cm;margin-bottom:.0001pt;text-align:\njustify;line-height:normal\" class=\"MsoNormal\"><b style=\"mso-bidi-font-weight:normal\"><span style=\"font-size:12.0pt;font-family:&quot;Times New Roman&quot;\">Dialectique<\/span><\/b><\/p>\n<p style=\"margin-bottom:0cm;margin-bottom:.0001pt;text-align:\njustify;line-height:normal\" class=\"MsoNormal\"><span style=\"font-size:12.0pt;font-family:&quot;Times New Roman&quot;\">Finalement,  des titres de cette &oelig;uvre musicale s&rsquo;organisent suivant une dialectique  bien pens&eacute;e par l&rsquo;auteur. Apr&egrave;s avoir plant&eacute;, avec les deux premiers  titres, le d&eacute;cor d&rsquo;une soci&eacute;t&eacute; camerounaise o&ugrave; <i style=\"mso-bidi-font-style:normal\">&laquo;&nbsp;tout le monde a peur&nbsp;&raquo;<\/i> et o&ugrave; il n&rsquo;existe qu&rsquo;une <i style=\"mso-bidi-font-style:\nnormal\">&laquo;&nbsp;paix de fa&ccedil;ade&nbsp;&raquo;,<\/i> il invite en cons&eacute;quence dans les deux  titres suivants la population &agrave; agir. Notamment en se rendant  massivement aux urnes pour <i style=\"mso-bidi-font-style:normal\">&laquo;&nbsp;prendre le pouvoir.&nbsp;&raquo;<\/i> <i style=\"mso-bidi-font-style:normal\">&laquo;&nbsp;Ceux qui ne votent pas votent pour les malfaiteurs&nbsp;&raquo;, <\/i>scande-t-il. Car,<i style=\"mso-bidi-font-style:normal\"> &laquo;&nbsp;ceux qui disent &ecirc;tre neutres font plus de mal &agrave; ce pays, ils sont complices des braqueurs au crayon.&nbsp;&raquo; <\/i>Cette invitation &agrave; aller voter, exprim&eacute;e avec mod&eacute;ration, prend des airs plus passionn&eacute;s dans le quatri&egrave;me titre&nbsp;: <i style=\"mso-bidi-font-style:normal\">&laquo;&nbsp;Paix &ndash; Travail &#8211; Patrie&nbsp;&raquo;<\/i>. En effet, c&rsquo;est pratiquement sur un ton injonctif que Me Jean de Dieu Momo proclame <i style=\"mso-bidi-font-style:normal\">&laquo;&nbsp;le temps pour les patriotes de prendre le pouvoir dans ce pays&nbsp;&raquo;<\/i> comme l&rsquo;ont fait les Fran&ccedil;ais par exemple en prenant la Bastille. <i style=\"mso-bidi-font-style:normal\">&laquo;&nbsp;Trop c&rsquo;est trop, c&rsquo;est assez, il faut arr&ecirc;ter&nbsp;&raquo;<\/i>&nbsp;!  C&rsquo;est sur ce refrain de la derni&egrave;re chanson que se referme cet album  qui s&rsquo;&eacute;coute bien de par son agr&eacute;able m&eacute;lodie et ses textes collant &agrave;  l&rsquo;actualit&eacute;. Un album qui r&eacute;v&egrave;le les ambitions politiques de l&rsquo;auteur&hellip;<\/span><\/p>\n<p style=\"margin-bottom:0cm;margin-bottom:.0001pt;text-align:\njustify;line-height:normal\" class=\"MsoNormal\"><b style=\"mso-bidi-font-weight:normal\"><span style=\"font-size:12.0pt;font-family:&quot;Times New Roman&quot;\">Ma&icirc;tre Momo Jean de Dieu&nbsp;:<\/span><\/b><span style=\"font-size: 12pt; font-family: &quot;Times New Roman&quot;;\"> Commandement op&eacute;rationnel&nbsp;; album en 5 titres disponible en audio et en vid&eacute;o, Momo JD production, Douala, 2011.<\/p>\n<p><\/span><span class=\"small\">&Eacute;crit par Julien Chongwang\t\t<\/span> \t\t&nbsp;&nbsp; <span style=\"font-size:12.0pt;font-family:&quot;Times New Roman&quot;\"><br \/>\n<\/span><\/p>\n<p>&nbsp;<\/p>\n","protected":false},"excerpt":{"rendered":"<p>Avocat au barreau du Cameroun et au tribunal p\u00e9nal international pour le Rwanda (Tpir), ma\u00eetre Jean de Dieu Momo vient de mettre&hellip;<\/p>\n","protected":false},"author":1,"featured_media":0,"comment_status":"open","ping_status":"open","sticky":false,"template":"","format":"standard","meta":{"_lmt_disableupdate":"","_lmt_disable":"","footnotes":""},"categories":[3810],"tags":[],"class_list":["post-30423","post","type-post","status-publish","format-standard","hentry","category-archives"],"_links":{"self":[{"href":"https:\/\/mboasawa.com\/fr\/wp-json\/wp\/v2\/posts\/30423","targetHints":{"allow":["GET"]}}],"collection":[{"href":"https:\/\/mboasawa.com\/fr\/wp-json\/wp\/v2\/posts"}],"about":[{"href":"https:\/\/mboasawa.com\/fr\/wp-json\/wp\/v2\/types\/post"}],"author":[{"embeddable":true,"href":"https:\/\/mboasawa.com\/fr\/wp-json\/wp\/v2\/users\/1"}],"replies":[{"embeddable":true,"href":"https:\/\/mboasawa.com\/fr\/wp-json\/wp\/v2\/comments?post=30423"}],"version-history":[{"count":0,"href":"https:\/\/mboasawa.com\/fr\/wp-json\/wp\/v2\/posts\/30423\/revisions"}],"wp:attachment":[{"href":"https:\/\/mboasawa.com\/fr\/wp-json\/wp\/v2\/media?parent=30423"}],"wp:term":[{"taxonomy":"category","embeddable":true,"href":"https:\/\/mboasawa.com\/fr\/wp-json\/wp\/v2\/categories?post=30423"},{"taxonomy":"post_tag","embeddable":true,"href":"https:\/\/mboasawa.com\/fr\/wp-json\/wp\/v2\/tags?post=30423"}],"curies":[{"name":"wp","href":"https:\/\/api.w.org\/{rel}","templated":true}]}}