{"id":30425,"date":"2011-06-01T00:53:56","date_gmt":"2011-06-01T00:53:56","guid":{"rendered":""},"modified":"2006-01-01T00:00:00","modified_gmt":"2006-01-01T00:00:00","slug":"4226","status":"publish","type":"post","link":"https:\/\/mboasawa.com\/fr\/4226\/","title":{"rendered":"Journ\u00e9e internationale des mus\u00e9es :Le Mincult \u00ab brille \u00bb par son absence"},"content":{"rendered":"<p>\nCette c\u00e9l\u00e9bration d\u2019envergure internationale n\u2019a vu la participation d\u2019aucun responsable du minist\u00e8re de la culture. Les organisateurs trouvent pour pr\u00e9texte les pr\u00e9paratifs de la f\u00eate de l\u2019unit\u00e9.  &#8211; <\/p>\n<p>\n<span style=\"font-size:12.0pt;font-family:&quot;Times New Roman&quot;;\ncolor:black\">Leur si&egrave;ge est rest&eacute; vide durant toute la mi-journ&eacute;e jeudi dernier. Journ&eacute;e marquant la c&eacute;l&eacute;bration internationale des mus&eacute;es. <i style=\"mso-bidi-font-style:normal\">&laquo;  Nous nous sommes approch&eacute;s de leur minist&egrave;re. On leur a donn&eacute; le  programme des activit&eacute;s qui meubleront cette c&eacute;l&eacute;bration internationale  des mus&eacute;es. Mais l&agrave; ils ne sont pas venus &raquo;<\/i>, explique Christian Nana, communicateur de L&rsquo;International Council or Museum (Icom) Cameroun. Avant de tenter de se convaincre <i style=\"mso-bidi-font-style:normal\">&laquo;  cela peut s&rsquo;expliquer peut &ecirc;tre par le fait que nous soyons&nbsp; &agrave; la  veille de la c&eacute;l&eacute;bration de la f&ecirc;te de l&rsquo;Unit&eacute;. Donc tout le monde est  pris par les pr&eacute;paratifs &raquo;.<\/i> Cependant, cette absence n&rsquo;a pas empi&eacute;t&eacute; sur le bon d&eacute;roulement des activit&eacute;s de cette journ&eacute;e. <\/span><\/p>\n<p>&nbsp;<\/p>\n<p style=\"margin-bottom: 0.0001pt; text-align: justify; line-height: normal;\" class=\"MsoNormal\">&nbsp;<\/p>\n<p style=\"margin-bottom:0cm;margin-bottom:.0001pt;text-align:\njustify;line-height:normal\" class=\"MsoNormal\"><span style=\"font-size:12.0pt;font-family:&quot;Times New Roman&quot;;\ncolor:black\">Ax&eacute; cette ann&eacute;e sur le th&egrave;me <i style=\"mso-bidi-font-style:normal\">&laquo;&nbsp; Mus&eacute;e et m&eacute;moire &raquo;,<\/i> cette journ&eacute;e s&rsquo;est c&eacute;l&eacute;br&eacute;e &agrave; Yaound&eacute; au mus&eacute;e la <i style=\"mso-bidi-font-style:normal\">&laquo;&nbsp;Blackitude&nbsp;&raquo;.<\/i> Une salle qui a fait le plein d&rsquo;&oelig;uf avec la pr&eacute;sence de nombreux <i style=\"mso-bidi-font-style:\nnormal\">&laquo; amoureux &raquo;<\/i> de l&rsquo;art, des professionnels de l&rsquo;&eacute;tude des  mus&eacute;es mais aussi et&nbsp; surtout ceux l&agrave; qui veillent &agrave; la sauvegarde et la  promotion de ces mus&eacute;es dont au premier rang sa majest&eacute; Nana Sunjio  Agn&egrave;s. Vice-pr&eacute;sidente de l&rsquo;Icom &ndash; Cameroun. Le th&egrave;me choisi selon les  organisateurs, met en exergue les histoires que les mus&eacute;es collectent &agrave;  travers des objets qu&rsquo;ils conservent. <i style=\"mso-bidi-font-style:normal\">&laquo; Ces objets sont autant d&rsquo;expressions de notre patrimoine naturel et culturel &raquo;<\/i>,  affirme dans ce sens Ateba, &eacute;tudiant en art. Les activit&eacute;s, toute aussi  riches les unes que les autres ont meubl&eacute; cette journ&eacute;e. Entre un bilan  sur les actions et activit&eacute;s men&eacute;es par l&rsquo;Icom-Cameroun, en passant par  la projection d&rsquo;un film sur le patrimoine culturel avant de&nbsp; se solder  par une visite guid&eacute;e du mus&eacute;e <i style=\"mso-bidi-font-style:normal\">&laquo; Blackitude &raquo;.<\/i><\/span><\/p>\n<p style=\"margin-bottom:0cm;margin-bottom:.0001pt;text-align:\njustify;line-height:normal\" class=\"MsoNormal\"><b style=\"mso-bidi-font-weight:normal\"><span style=\"font-size:12.0pt;font-family:&quot;Times New Roman&quot;;color:black\">Trafic illicite<\/span><\/b><\/p>\n<p style=\"margin-bottom:0cm;margin-bottom:.0001pt;text-align:\njustify;line-height:normal\" class=\"MsoNormal\"><span style=\"font-size: 12pt; font-family: &quot;Times New Roman&quot;; color: black;\">Sur la table, les principaux probl&egrave;mes que connaissent les  mus&eacute;es camerounais ont &eacute;t&eacute; d&eacute;battus. Au rang desquels le trafic des  biens culturels. <i style=\"mso-bidi-font-style:normal\">&laquo; Nous avons nos biens culturels qui sont emport&eacute;s du c&ocirc;t&eacute; de l&rsquo;occident et trafiqu&eacute;s &agrave; travers le monde &raquo;<\/i>  affirme Christian Nana. Le ph&eacute;nom&egrave;ne de copie a &eacute;galement &eacute;t&eacute; soulev&eacute;.  De plus en plus d&rsquo;objets d&rsquo;art rencontr&eacute;s dans les mus&eacute;es sont des  copies et non des collections authentiques. Un cri d&rsquo;alerte qui a &eacute;t&eacute;  lanc&eacute; &agrave; l&rsquo;encontre des mus&eacute;es de ne plus acheter des copies d&rsquo;objets.  Sensibiliser les populations et le public sur la n&eacute;cessit&eacute; de visiter  les mus&eacute;es &eacute;tait aussi l&rsquo;une des pr&eacute;occupations majeures.<\/p>\n<p>\n<\/span><span class=\"small\"> Larissa Audrey Mama (stagiaire)\t\t<\/span> \t\t&nbsp;<span style=\"font-size:12.0pt;font-family:&quot;Times New Roman&quot;;\ncolor:black\"><br \/>\n<\/span><\/p>\n<p>&nbsp;<\/p>\n","protected":false},"excerpt":{"rendered":"<p>Cette c\u00e9l\u00e9bration d\u2019envergure internationale n\u2019a vu la participation d\u2019aucun responsable du minist\u00e8re de la culture. Les organisateurs trouvent pour pr\u00e9texte les pr\u00e9paratifs&hellip;<\/p>\n","protected":false},"author":1,"featured_media":0,"comment_status":"open","ping_status":"open","sticky":false,"template":"","format":"standard","meta":{"_lmt_disableupdate":"","_lmt_disable":"","footnotes":""},"categories":[3810],"tags":[],"class_list":["post-30425","post","type-post","status-publish","format-standard","hentry","category-archives"],"_links":{"self":[{"href":"https:\/\/mboasawa.com\/fr\/wp-json\/wp\/v2\/posts\/30425","targetHints":{"allow":["GET"]}}],"collection":[{"href":"https:\/\/mboasawa.com\/fr\/wp-json\/wp\/v2\/posts"}],"about":[{"href":"https:\/\/mboasawa.com\/fr\/wp-json\/wp\/v2\/types\/post"}],"author":[{"embeddable":true,"href":"https:\/\/mboasawa.com\/fr\/wp-json\/wp\/v2\/users\/1"}],"replies":[{"embeddable":true,"href":"https:\/\/mboasawa.com\/fr\/wp-json\/wp\/v2\/comments?post=30425"}],"version-history":[{"count":0,"href":"https:\/\/mboasawa.com\/fr\/wp-json\/wp\/v2\/posts\/30425\/revisions"}],"wp:attachment":[{"href":"https:\/\/mboasawa.com\/fr\/wp-json\/wp\/v2\/media?parent=30425"}],"wp:term":[{"taxonomy":"category","embeddable":true,"href":"https:\/\/mboasawa.com\/fr\/wp-json\/wp\/v2\/categories?post=30425"},{"taxonomy":"post_tag","embeddable":true,"href":"https:\/\/mboasawa.com\/fr\/wp-json\/wp\/v2\/tags?post=30425"}],"curies":[{"name":"wp","href":"https:\/\/api.w.org\/{rel}","templated":true}]}}