{"id":30433,"date":"2011-06-03T19:08:00","date_gmt":"2011-06-03T19:08:00","guid":{"rendered":""},"modified":"2006-01-01T00:00:00","modified_gmt":"2006-01-01T00:00:00","slug":"4234","status":"publish","type":"post","link":"https:\/\/mboasawa.com\/fr\/4234\/","title":{"rendered":"Festival international des musiques et des arts \u00e0 Pointe-Noire"},"content":{"rendered":"<p>\nPOINTE-NOIRE (Xinhua) &#8211; La capitale \u00e9conomique congolaise abrite du 1er au 5 juin la 7\u00e8 \u00e9dition du festival international des musiques et des arts d\u00e9nomm\u00e9 \u00ab\u00a0N&rsquo;SANGU NDJI NDJI\u00a0\u00bb.  &#8211; <\/p>\n<p style=\"text-align: justify\">\nPrenant la parole &agrave; l&rsquo;ouverture de cette manifestation culturelle, le  directeur du festival, M. Pierre Claver MABIALA a soulign&eacute; que pour  cette &eacute;dition, l&rsquo;accent a &eacute;t&eacute; mis sur les actions d&rsquo;accompagnement et de  professionnalisation, &agrave; travers les ateliers et les conf&eacute;rences, afin  d&rsquo;am&eacute;liorer davantage le fonctionnement du festival et le d&eacute;veloppement  des carri&egrave;res musicales et artistiques.<\/p>\n<p style=\"text-align: justify\">Durant cette activit&eacute; qui se d&eacute;roule &agrave; Pointe-Noire et dans certaines  localit&eacute;s du d&eacute;partement du Kouilou, le public aura droit &agrave; des ateliers  et des conf&eacute;rences-d&eacute;bats anim&eacute;s par des op&eacute;rateurs culturels, m&eacute;c&egrave;nes  et partenaires culturels et artistiques.<\/p>\n<p style=\"text-align: justify\">Trois th&egrave;mes seront d&eacute;velopp&eacute;s en ateliers, &agrave; savoir &quot;les op&eacute;rateurs  culturels et l&rsquo;&eacute;v&eacute;nementiel&quot;, &quot;le journalisme culturel&quot; et &quot;la  sonorisation en Afrique&quot;.<\/p>\n<p style=\"text-align: justify\">Par ailleurs, &quot;l&rsquo;action culturelle, une pr&eacute;occupation commune&quot;,  &quot;musique, arts et d&eacute;veloppement durable&quot;, &quot;sape et musique&quot;, et &quot;sous le  kolatier&quot;, constituent la th&eacute;matique pr&eacute;vue pour les conf&eacute;rences. Ce  dernier th&egrave;me constitue un espace d&rsquo;informations et d&rsquo;&eacute;changes sur  l&rsquo;activit&eacute; artistique africaine et internationale.<\/p>\n<p style=\"text-align: justify\">Les animations culturelles seront assur&eacute;es par les ensembles  traditionnels Lelu Lelu, Limani Lisi, Kibur&rsquo; kiri, Nzobi Okoa et Vocal  Bantou. Les spectacles quant &agrave; eux seront anim&eacute;s par plusieurs groupes  et artistes musiciens. Il s&rsquo;agit de super Diamono d&rsquo;Omar Pene du S&eacute;n&eacute;gal  sp&eacute;cialis&eacute; dans la world music mixant Jazz, Funk et percussions ;  Makadem du Kenya d&eacute;veloppant une musique de fusion &agrave; la fois lyrique et  pleine d&rsquo;humour ; Scen&rsquo;Art du Gabon et Eustache K&rsquo;Mouna du Togo faisant  de la musique tradi-moderne, et puisant leur inspiration dans les  rythmes et instruments traditionnels ; le Trio de traverse de  France-Congo mixant musique, mots et chor&eacute;graphie.<\/p>\n<p style=\"text-align: justify\">Djonimbo et Waassa de la R&eacute;publique D&eacute;mocratique du Congo (RDC),  pratiquent une musique faite de chants incantatoires de la tradition  Ti&eacute;n&eacute; pour le premier , et des m&eacute;lodies engag&eacute;es combinant des rythmes  traditionnels et modernes pour le second, tandis que Oupta, les  Sanisina, Ecoma Gospel, Makeda et Brice Mizingou du Congo-Brazzaville  excellent respectivement dans une musique de fusion des rythmes  traditionnels et du jazz ; une musique religieuse faite de zouk, de  reggae, du gospel et du zulu style ; des rythmes exprimant le  n&eacute;gro-spirituals, le blues, le jazz, le hip hop, le rap et la soul ; une  m&eacute;lodie engag&eacute;e pr&ocirc;nant la justice et la paix ; et une musique  aliment&eacute;e par la guitare et des instruments fabriqu&eacute;s avec des moyens de  bord.<\/p>\n<p style=\"text-align: justify\">Le festival N&rsquo;sangu Ndji Ndji dont la 1&egrave;re &eacute;dition a eu lieu en 2005  dans la ville oc&eacute;ane, est organis&eacute; par l&rsquo;espace culturel yaro &oelig;uvrant  dans l&rsquo;encadrement, la production et la diffusion des &oelig;uvres  artistiques, en partenariat avec la soci&eacute;t&eacute; Total E&amp;P Congo, le  Centre Culturel Fran&ccedil;ais (CCF), l&rsquo;Organisation Internationale de la  Francophonie (OIF), l&rsquo;Institut Fran&ccedil;ais, la Mairie de Pointe-Noire et  bien d&rsquo;autres structures.<\/p>\n","protected":false},"excerpt":{"rendered":"<p>POINTE-NOIRE (Xinhua) &#8211; La capitale \u00e9conomique congolaise abrite du 1er au 5 juin la 7\u00e8 \u00e9dition du festival international des musiques et&hellip;<\/p>\n","protected":false},"author":1,"featured_media":0,"comment_status":"open","ping_status":"open","sticky":false,"template":"","format":"standard","meta":{"_lmt_disableupdate":"","_lmt_disable":"","footnotes":""},"categories":[3810],"tags":[],"class_list":["post-30433","post","type-post","status-publish","format-standard","hentry","category-archives"],"_links":{"self":[{"href":"https:\/\/mboasawa.com\/fr\/wp-json\/wp\/v2\/posts\/30433","targetHints":{"allow":["GET"]}}],"collection":[{"href":"https:\/\/mboasawa.com\/fr\/wp-json\/wp\/v2\/posts"}],"about":[{"href":"https:\/\/mboasawa.com\/fr\/wp-json\/wp\/v2\/types\/post"}],"author":[{"embeddable":true,"href":"https:\/\/mboasawa.com\/fr\/wp-json\/wp\/v2\/users\/1"}],"replies":[{"embeddable":true,"href":"https:\/\/mboasawa.com\/fr\/wp-json\/wp\/v2\/comments?post=30433"}],"version-history":[{"count":0,"href":"https:\/\/mboasawa.com\/fr\/wp-json\/wp\/v2\/posts\/30433\/revisions"}],"wp:attachment":[{"href":"https:\/\/mboasawa.com\/fr\/wp-json\/wp\/v2\/media?parent=30433"}],"wp:term":[{"taxonomy":"category","embeddable":true,"href":"https:\/\/mboasawa.com\/fr\/wp-json\/wp\/v2\/categories?post=30433"},{"taxonomy":"post_tag","embeddable":true,"href":"https:\/\/mboasawa.com\/fr\/wp-json\/wp\/v2\/tags?post=30433"}],"curies":[{"name":"wp","href":"https:\/\/api.w.org\/{rel}","templated":true}]}}