{"id":30450,"date":"2011-06-13T15:24:17","date_gmt":"2011-06-13T15:24:17","guid":{"rendered":""},"modified":"2006-01-01T00:00:00","modified_gmt":"2006-01-01T00:00:00","slug":"4252","status":"publish","type":"post","link":"https:\/\/mboasawa.com\/fr\/4252\/","title":{"rendered":"Eligibilit\u00e9 ou non de Paul Biya :Que cache le silence des p\u00e8res de la constitution de 1996 ?"},"content":{"rendered":"<p>\nA quelques mois de l\u2019\u00e9lection pr\u00e9sidentielle d\u2019octobre 2011, il serait souhaitable que  les sp\u00e9cialistes du droit constitutionnel qui ont particip\u00e9 \u00e0 l\u2019\u00e9laboration de la constitution de 1996 se prononcent sur le d\u00e9bat relatif \u00e0 l\u2019\u00e9ligibilit\u00e9 ou non de Paul Biya. &#8211; <\/p>\n<p>\n<span style=\"font-size:12.0pt;font-family:&quot;Times New Roman&quot;\">A quelques mois de l&rsquo;&eacute;lection pr&eacute;sidentielle d&rsquo;octobre 2011, il serait souhaitable que<span style=\"mso-spacerun:yes\">&nbsp; <\/span>les  sp&eacute;cialistes du droit constitutionnel qui ont particip&eacute; &agrave; l&rsquo;&eacute;laboration  de la constitution de 1996 se prononcent sur le d&eacute;bat relatif &agrave;  l&rsquo;&eacute;ligibilit&eacute; ou non de Paul Biya.<\/span><\/p>\n<p style=\"margin-bottom:0cm;margin-bottom:.0001pt;text-align:\njustify;line-height:normal\" class=\"MsoNormal\">&nbsp;<\/p>\n<p style=\"margin-bottom:0cm;margin-bottom:.0001pt;text-align:\njustify;line-height:normal\" class=\"MsoNormal\"><span style=\"font-size:12.0pt;font-family:&quot;Times New Roman&quot;\">On  peut se demander pourquoi d&rsquo;&eacute;minents juristes camerounais ayant  particip&eacute; &agrave; l&rsquo;une au moins des &eacute;tapes du processus ayant d&eacute;bouch&eacute; sur  l&rsquo;adoption et la promulgation de la constitution du 18 janvier 1996 sont  curieusement silencieux dans le d&eacute;bat actuel. Le Pr Joseph Owona qui,  malgr&eacute; l&rsquo;&acirc;ge, est demeur&eacute; tr&egrave;s actif dans le domaine de la recherche  universitaire et l&rsquo;ensemble des 28 membres de sa commission de 1993  n&rsquo;ont-ils vraiment rien &agrave; dire sur le sujet de l&rsquo;&eacute;ligibilit&eacute; ou de la  non-&eacute;ligibilit&eacute; de Paul Biya apr&egrave;s la modification de certaines  dispositions constitutionnelle en avril 2008 ?<\/span><\/p>\n<p style=\"margin-bottom:0cm;margin-bottom:.0001pt;text-align:\njustify;line-height:normal\" class=\"MsoNormal\"><b style=\"mso-bidi-font-weight:normal\"><span style=\"font-size:12.0pt;font-family:&quot;Times New Roman&quot;\">Qui ne dit mot consent<\/span><\/b><\/p>\n<p style=\"margin-bottom:0cm;margin-bottom:.0001pt;text-align:\njustify;line-height:normal\" class=\"MsoNormal\"><span style=\"font-size:12.0pt;font-family:&quot;Times New Roman&quot;\">Qu&rsquo;en pensent les 57 membres qui prirent le relais des travaux de la &laquo;&nbsp;<i style=\"mso-bidi-font-style:normal\">Commission Owona<\/i>&nbsp;&raquo;  dans le cadre du comit&eacute; consultatif constitutionnel qui avait &eacute;t&eacute;  pr&eacute;sid&eacute; par le Premier ministre Achidi Achu en 1994&nbsp;? Doit-on tenir  compte du dicton qui veut que qui ne dit mot consent&nbsp;? Que sont devenus  ces autres &eacute;minents juristes qui croyaient, pour certains &laquo;&nbsp;<i style=\"mso-bidi-font-style:normal\">qu&rsquo;un bon joueur ne manque pas d&rsquo;&eacute;quipe&nbsp;&raquo; <\/i>chez  Paul Biya et, pour d&rsquo;autres, se r&eacute;clamaient de la soci&eacute;t&eacute; civile, que  le destin a propuls&eacute;s au sein du gouvernement et hors du gouvernement,  et qui sont depuis plusieurs ann&eacute;es dans l&rsquo;ombre ou en r&eacute;serve de la  R&eacute;publique?<\/span><\/p>\n<p style=\"margin-bottom:0cm;margin-bottom:.0001pt;text-align:\njustify;line-height:normal\" class=\"MsoNormal\"><span style=\"font-size:12.0pt;font-family:&quot;Times New Roman&quot;\">Le  d&eacute;bat constitutionnel actuel est relatif &agrave; la port&eacute;e de l&rsquo;article 6  alin&eacute;a 2, de la constitution r&eacute;vis&eacute;e de 1996, dans sa nouvelle version.  La question est de savoir si cette disposition constitutionnelle telle  que modifi&eacute;e peut b&eacute;n&eacute;ficier au pr&eacute;sident Paul Biya, s&rsquo;il le souhaite  pour se pr&eacute;senter au prochain scrutin pr&eacute;sidentiel.<\/span><\/p>\n<p style=\"margin-bottom:0cm;margin-bottom:.0001pt;text-align:\njustify;line-height:normal\" class=\"MsoNormal\"><span style=\"font-size:12.0pt;font-family:&quot;Times New Roman&quot;\">Si  Paul Biya, actuellement en fonction, est encore r&eacute;&eacute;ligible ou non&nbsp;? Les  questionnements du Pr. Alain Didier Olinga, au lendemain de la  promulgation le 14 avril 2008 de la loi n&deg;2008\/ 01 modifiant et  compl&eacute;tant certaines dispositions de la loi N&deg; 96\/06 portant r&eacute;vision de  la constitution du 2 juin 1972 restent d&rsquo;actualit&eacute;. La nouvelle formule  aurait-elle un effet r&eacute;troactif sur la nature du mandat en cours de  Paul Biya ?<\/span><\/p>\n<p style=\"margin-bottom:0cm;margin-bottom:.0001pt;text-align:\njustify;line-height:normal\" class=\"MsoNormal\"><i style=\"mso-bidi-font-style:normal\"><span style=\"font-size:12.0pt;font-family:&quot;Times New Roman&quot;\"><span style=\"mso-spacerun:yes\">&nbsp;<\/span><\/span><\/i><span style=\"font-size:12.0pt;\nfont-family:&quot;Times New Roman&quot;\">Peut-on transformer la nature  d&rsquo;un mandat en cours d&rsquo;ex&eacute;cution&nbsp;? Ne serait-ce pas transformer  r&eacute;troactivement le mandat confi&eacute; en 2004 par le peuple&nbsp;? Apr&egrave;s son  &eacute;lection en octobre 1997, un second mandat de 7 ans de Paul Biya obtenu  en octobre 2004 pour s&rsquo;achever en octobre 2011 peut-il devenir, &agrave; partir  de 2008, &agrave; la faveur d&rsquo;une r&eacute;vision constitutionnelle et sans pr&eacute;cision  claire ou explicite dans la nouvelle mouture de la constitution, un  mandat de 7 ans renouvelable en 2011 et d&rsquo;une mani&egrave;re ind&eacute;finie&nbsp;?<\/span><\/p>\n<p style=\"margin-bottom:0cm;margin-bottom:.0001pt;text-align:\njustify;line-height:normal\" class=\"MsoNormal\"><b style=\"mso-bidi-font-weight:normal\"><span style=\"font-size:12.0pt;font-family:&quot;Times New Roman&quot;\">Un d&eacute;bat citoyen int&eacute;ressant<\/span><\/b><\/p>\n<p style=\"margin-bottom:0cm;margin-bottom:.0001pt;text-align:\njustify;line-height:normal\" class=\"MsoNormal\"><span style=\"font-size:12.0pt;font-family:&quot;Times New Roman&quot;\">Le  mandat actuel de Paul Biya qui a commenc&eacute; en 2004 et qui va prendre fin  en 2011 ne se situe-t-elle pas dans le cadre de la limitation  constitutionnelle &agrave; deux des mandats &agrave; la pr&eacute;sidence de la  R&eacute;publique,&nbsp;Paul Biya et le peuple sachant bien que le mandat confi&eacute;  &eacute;tait le dernier ? Ces questions montrent tout l&rsquo;int&eacute;r&ecirc;t du d&eacute;bat en  cours sur l&rsquo;&eacute;ligibilit&eacute; ou la non-&eacute;ligibilit&eacute; de Paul Biya &agrave; l&rsquo;&eacute;lection  pr&eacute;sidentielle d&rsquo;octobre 2011.<\/span><\/p>\n<p style=\"margin-bottom:0cm;margin-bottom:.0001pt;text-align:\njustify;line-height:normal\" class=\"MsoNormal\"><span style=\"font-size:12.0pt;font-family:&quot;Times New Roman&quot;\">D&eacute;bat  qui int&eacute;resse tout le monde au quotidien, pas seulement les professeurs  d&rsquo;universit&eacute;s et les avocats. Entre 1990 et 2008, beaucoup d&rsquo;eau a  coul&eacute; sous le <span style=\"mso-spacerun:yes\">&nbsp;<\/span>pont en ce qui  concerne les probl&egrave;mes constitutionnels. Certains acteurs politiques des  ann&eacute;es de braise sont encore pr&eacute;sents sur la sc&egrave;ne politique et  gagneraient &agrave; t&eacute;moigner. Pour les g&eacute;n&eacute;rations actuelles et futures.<\/span><\/p>\n<p>\nhttp:\/\/www.lanouvelleexpression.info<br \/>\n&nbsp;<\/p>\n","protected":false},"excerpt":{"rendered":"<p>A quelques mois de l\u2019\u00e9lection pr\u00e9sidentielle d\u2019octobre 2011, il serait souhaitable que les sp\u00e9cialistes du droit constitutionnel qui ont particip\u00e9 \u00e0 l\u2019\u00e9laboration&hellip;<\/p>\n","protected":false},"author":1,"featured_media":0,"comment_status":"open","ping_status":"open","sticky":false,"template":"","format":"standard","meta":{"_lmt_disableupdate":"","_lmt_disable":"","footnotes":""},"categories":[3810],"tags":[],"class_list":["post-30450","post","type-post","status-publish","format-standard","hentry","category-archives"],"_links":{"self":[{"href":"https:\/\/mboasawa.com\/fr\/wp-json\/wp\/v2\/posts\/30450","targetHints":{"allow":["GET"]}}],"collection":[{"href":"https:\/\/mboasawa.com\/fr\/wp-json\/wp\/v2\/posts"}],"about":[{"href":"https:\/\/mboasawa.com\/fr\/wp-json\/wp\/v2\/types\/post"}],"author":[{"embeddable":true,"href":"https:\/\/mboasawa.com\/fr\/wp-json\/wp\/v2\/users\/1"}],"replies":[{"embeddable":true,"href":"https:\/\/mboasawa.com\/fr\/wp-json\/wp\/v2\/comments?post=30450"}],"version-history":[{"count":0,"href":"https:\/\/mboasawa.com\/fr\/wp-json\/wp\/v2\/posts\/30450\/revisions"}],"wp:attachment":[{"href":"https:\/\/mboasawa.com\/fr\/wp-json\/wp\/v2\/media?parent=30450"}],"wp:term":[{"taxonomy":"category","embeddable":true,"href":"https:\/\/mboasawa.com\/fr\/wp-json\/wp\/v2\/categories?post=30450"},{"taxonomy":"post_tag","embeddable":true,"href":"https:\/\/mboasawa.com\/fr\/wp-json\/wp\/v2\/tags?post=30450"}],"curies":[{"name":"wp","href":"https:\/\/api.w.org\/{rel}","templated":true}]}}