{"id":30451,"date":"2011-06-13T15:28:44","date_gmt":"2011-06-13T15:28:44","guid":{"rendered":""},"modified":"2006-01-01T00:00:00","modified_gmt":"2006-01-01T00:00:00","slug":"4253","status":"publish","type":"post","link":"https:\/\/mboasawa.com\/fr\/4253\/","title":{"rendered":"Rep\u00e8res :Enjeux des d\u00e9bats constitutionnels depuis les ann\u00e9es de braise"},"content":{"rendered":"<p>Chronologie des faits autour des questions de limitation du mandat pr\u00e9sidentiel et d\u2019arrimage de la constitution \u00e0 la modernit\u00e9 d\u00e9mocratique. &#8211; <\/p>\n<p>&nbsp;<\/p>\n<p>&nbsp;<\/p>\n<p class=\"MsoNormal\" style=\"margin-bottom: 0.0001pt; text-align: justify; line-height: normal;\"><b style=\"mso-bidi-font-weight:normal\"><span style=\"font-size:12.0pt;font-family:&quot;Times New Roman&quot;\">2008&nbsp;: 14 avril. <\/span><\/b><span style=\"font-size:12.0pt;font-family:&quot;Times New Roman&quot;\">Paul  Biya promulgue la loi N&deg; 2008\/01 modifiant et compl&eacute;tant certaines  dispositions de la loi N&deg; 96\/06 du 18 janvier 1996 portant r&eacute;vision de  la constitution du 2 juin 1972. Parmi les dispositions concern&eacute;es,  l&rsquo;article 6 alin&eacute;a 2. Le mandat du pr&eacute;sident de la R&eacute;publique a &eacute;t&eacute;  maintenu &agrave; 7 ans, mais la limitation du mandat a &eacute;t&eacute; supprim&eacute;e. Dans la  nouvelle formulation sur laquelle les pontes du &laquo;&nbsp;<i style=\"mso-bidi-font-style:\nnormal\">r&eacute;gime du Renouveau<\/i>&nbsp;&raquo; s&rsquo;accrochent dans l&rsquo;espoir de permettre &agrave; Paul Biya de pr&eacute;senter sa candidature &agrave; l&rsquo;&eacute;lection pr&eacute;sidentielle d&rsquo;octobre 2011&nbsp;: <i style=\"mso-bidi-font-style:normal\">&laquo;&nbsp;le<span style=\"mso-spacerun:yes\">&nbsp; <\/span>pr&eacute;sident de la R&eacute;publique est &eacute;lu pour un mandat de sept (07) ans. Il est r&eacute;&eacute;ligible&nbsp;&raquo;.<\/i><\/span><\/p>\n<p>&nbsp;<\/p>\n<p class=\"MsoNormal\" style=\"margin-bottom:0cm;margin-bottom:.0001pt;text-align:\njustify;line-height:normal\"><b style=\"mso-bidi-font-weight:normal\"><span style=\"font-size:12.0pt;font-family:&quot;Times New Roman&quot;\">2008&nbsp;: 10 avril. <\/span><\/b><span style=\"font-size:12.0pt;font-family:&quot;Times New Roman&quot;\">Adoption  du projet de loi modifiant et compl&eacute;tant certaines dispositions de la  loi N&deg; 96\/06 du 18 janvier 1996 portant r&eacute;vision de la constitution du 2  juin 1972. Par 157 voix pour, 5 voix contre. L&rsquo;ensemble du groupe  parlementaire du Sdf s&rsquo;est retir&eacute; de l&rsquo;h&eacute;micycle avant le vote dudit  projet de loi.<\/span><\/p>\n<p class=\"MsoNormal\" style=\"margin-bottom:0cm;margin-bottom:.0001pt;text-align:\njustify;line-height:normal\"><b style=\"mso-bidi-font-weight:normal\"><span style=\"font-size:12.0pt;font-family:&quot;Times New Roman&quot;\">1996&nbsp;: 18 janvier. <\/span><\/b><span style=\"font-size:12.0pt;font-family:&quot;Times New Roman&quot;\">Paul  Biya promulgue la loi N&deg; 96\/06 portant r&eacute;vision de la constitution du 2  juin 1972. D&eacute;sormais, la dur&eacute;e du mandat pr&eacute;sidentiel est de sept  ans(07) ans renouvelable une fois. C&rsquo;est que les d&eacute;bats et discussions  ont d&eacute;bouch&eacute; sur un compromis ou <i style=\"mso-bidi-font-style:normal\">&laquo;&nbsp;une transaction constitutionnelle&nbsp;&raquo;<\/i>  des acteurs politiques de l&rsquo;&eacute;poque. Pour valider le principe de la  limitation du nombre de mandats &agrave; deux r&eacute;clam&eacute; par l&rsquo;opposition, le  pouvoir a brandi la possibilit&eacute; d&rsquo;obtenir l&rsquo;allongement du mandat  pr&eacute;sidentiel &agrave; sept (07) ans. Le mandat pr&eacute;sidentiel &eacute;tait autrefois de  cinq (05) ans et le pr&eacute;sident de la R&eacute;publique &eacute;tait r&eacute;&eacute;ligible.<\/span><\/p>\n<p class=\"MsoNormal\" style=\"margin-bottom:0cm;margin-bottom:.0001pt;text-align:\njustify;line-height:normal\"><b style=\"mso-bidi-font-weight:normal\"><span style=\"font-size:12.0pt;font-family:&quot;Times New Roman&quot;\">1995&nbsp;: 23 d&eacute;cembre. <\/span><\/b><span style=\"font-size:12.0pt;font-family:&quot;Times New Roman&quot;\">Adoption  du projet de loi portant r&eacute;vision de la constitution &agrave; la s&eacute;ance  pl&eacute;ni&egrave;re qui va s&rsquo;&eacute;tendre du vendredi 22 au samedi 23 d&eacute;cembre. Sur les  170 d&eacute;put&eacute;s pr&eacute;sents, 160 ont vot&eacute; pour, 2 ont vot&eacute; contre et 8 se sont  abstenus. Une des choses importantes est le mandat pr&eacute;sidentiel qui est  allong&eacute; &agrave; sept (07) ans.<\/span><\/p>\n<p class=\"MsoNormal\" style=\"margin-bottom:0cm;margin-bottom:.0001pt;text-align:\njustify;line-height:normal\"><b style=\"mso-bidi-font-weight:normal\"><span style=\"font-size:12.0pt;font-family:&quot;Times New Roman&quot;\">1995&nbsp;: 27 novembre. <\/span><\/b><span style=\"font-size:12.0pt;font-family:&quot;Times New Roman&quot;\">Le pr&eacute;sident<span style=\"mso-spacerun:yes\">&nbsp; <\/span>Paul Biya pr&eacute;sente le projet de loi modifiant constitution aux d&eacute;put&eacute;s, &agrave; l&rsquo;h&eacute;micycle de l&rsquo;Assembl&eacute;e nationale<b style=\"mso-bidi-font-weight:normal\">.<\/b><\/span><\/p>\n<p class=\"MsoNormal\" style=\"margin-bottom:0cm;margin-bottom:.0001pt;text-align:\njustify;line-height:normal\"><b style=\"mso-bidi-font-weight:normal\"><span style=\"font-size:12.0pt;font-family:&quot;Times New Roman&quot;\">1994&nbsp;:<\/span><\/b><span style=\"font-size:12.0pt;font-family:&quot;Times New Roman&quot;\"> <b style=\"mso-bidi-font-weight:\nnormal\">19 d&eacute;cembre<\/b>. Christian Cardinal Tumi, alors archev&ecirc;que  m&eacute;tropolitain de Douala, d&eacute;cide de ne plus participer aux travaux du  comit&eacute; consultatif constitutionnel. Selon Christian Cardinal Tumi, c&rsquo;est  une perte de temps et une tromperie de d&eacute;lib&eacute;rer <i style=\"mso-bidi-font-style:normal\">&laquo;&nbsp;en l&rsquo;absence des partis politiques qui repr&eacute;sentent 60 % de notre &eacute;lectorat&nbsp;&raquo;.<\/i><\/span><\/p>\n<p class=\"MsoNormal\" style=\"margin-bottom:0cm;margin-bottom:.0001pt;text-align:\njustify;line-height:normal\"><b style=\"mso-bidi-font-weight:normal\"><span style=\"font-size:12.0pt;font-family:&quot;Times New Roman&quot;\">1994&nbsp;:<\/span><\/b><span style=\"font-size:12.0pt;font-family:&quot;Times New Roman&quot;\"> <b style=\"mso-bidi-font-weight:\nnormal\">14 d&eacute;cembre<\/b>. Un comit&eacute; consultatif constitutionnel de 57  membres est nomm&eacute; par Paul Biya. 65 % des membres de ce comit&eacute; sont  militants ou alli&eacute;s du Parti au pouvoir. La pr&eacute;sidence<span style=\"mso-spacerun:yes\">&nbsp; <\/span>de  ce comit&eacute; est pr&eacute;sid&eacute;e par le Premier ministre Achidi Achu. Les  d&eacute;lib&eacute;rations se d&eacute;roulent jusqu&rsquo;au 23 d&eacute;cembre. Le leader de  l&rsquo;opposition, le chairman du Social Democratic Front (Sdf), John Fru Ndi  ne participe pas aux travaux. Les propositions favorables &agrave; un Etat  f&eacute;d&eacute;ral qui sont faites par des intellectuels de la communaut&eacute;  anglophone sont rejet&eacute;es.<\/span><\/p>\n<p class=\"MsoNormal\" style=\"margin-bottom:0cm;margin-bottom:.0001pt;text-align:\njustify;line-height:normal\"><b style=\"mso-bidi-font-weight:normal\"><span style=\"font-size:12.0pt;font-family:&quot;Times New Roman&quot;\">1994<\/span><\/b><span style=\"font-size:12.0pt;font-family:&quot;Times New Roman&quot;\">&nbsp;<b style=\"mso-bidi-font-weight:normal\">:<\/b> <b style=\"mso-bidi-font-weight:normal\">6 novembre<\/b>. Le pr&eacute;sident Paul Biya annonce que le d&eacute;bat constitutionnel reprendra &laquo;&nbsp;<i style=\"mso-bidi-font-style:normal\">dans les prochains jours&nbsp;&raquo;<\/i> et effectue le lendemain un voyage en France. Il y s&eacute;journe pendant dix-sept jours.<\/span><\/p>\n<p class=\"MsoNormal\" style=\"margin-bottom:0cm;margin-bottom:.0001pt;text-align:\njustify;line-height:normal\"><b style=\"mso-bidi-font-weight:normal\"><span style=\"font-size:12.0pt;font-family:&quot;Times New Roman&quot;\">1993&nbsp;: 12 juin<\/span><\/b><span style=\"font-size:12.0pt;font-family:&quot;Times New Roman&quot;\">.  Fin des travaux de la Commission pr&eacute;sid&eacute;e par Joseph Owona sur les  propositions visant &agrave; doter le pays d&rsquo;une constitution r&eacute;vis&eacute;e ou d&rsquo;une  nouvelle constitution. L&rsquo;avant-projet de constitution de la commission  pr&eacute;sid&eacute;e par Joseph Owona pr&eacute;voyait une limitation du mandat  pr&eacute;sidentiel.<\/span><\/p>\n<p class=\"MsoNormal\" style=\"margin-bottom:0cm;margin-bottom:.0001pt;text-align:\njustify;line-height:normal\"><b style=\"mso-bidi-font-weight:normal\"><span style=\"font-size:12.0pt;font-family:&quot;Times New Roman&quot;\">1993&nbsp;: 17 mai.<\/span><\/b><span style=\"font-size:12.0pt;font-family:&quot;Times New Roman&quot;\">  Nomination d&rsquo;une commission de 28 personnalit&eacute;s charg&eacute;e de proc&eacute;der &agrave;  la r&eacute;vision de la constitution. La pr&eacute;sidence de cette commission est  confi&eacute;e &agrave; Joseph Owona, alors secr&eacute;taire g&eacute;n&eacute;ral &agrave; la pr&eacute;sidence de la  R&eacute;publique. La <i style=\"mso-bidi-font-style:normal\">&laquo;&nbsp;Commission Owona<\/i>&nbsp;&raquo; demande au peuple tout entier de lui adresser ses r&eacute;flexions par t&eacute;l&eacute;copie (fax), par t&eacute;l&eacute;phone et par poste.<\/span><\/p>\n<p class=\"MsoNormal\" style=\"margin-bottom:0cm;margin-bottom:.0001pt;text-align:\njustify;line-height:normal\"><b style=\"mso-bidi-font-weight:normal\"><span style=\"font-size:12.0pt;font-family:&quot;Times New Roman&quot;\">1993&nbsp;: 30 avril<\/span><\/b><span style=\"font-size:12.0pt;font-family:&quot;Times New Roman&quot;\">. Paul Biya pr&eacute;cise <span style=\"mso-spacerun:yes\">&nbsp;<\/span>qu&rsquo;un <i style=\"mso-bidi-font-style:normal\">&laquo;&nbsp;large d&eacute;bat<\/i>&nbsp;&raquo; constitutionnel va se tenir et aura un caract&egrave;re consultatif. Paul Biya qui ne se reconna&icirc;t pas dans &laquo;&nbsp;<i style=\"mso-bidi-font-style:\nnormal\">un grand d&eacute;bat national<\/i>&nbsp;&raquo; auquel fit allusion le 23 mars 1993 le ministre d&rsquo;Etat charg&eacute; de la Communication Augustin Kontchou Kouomegni parlera d&rsquo;&nbsp;<i style=\"mso-bidi-font-style:normal\">&laquo;&nbsp;une question de s&eacute;mantique<\/i>&nbsp;&raquo;.<\/span><\/p>\n<p class=\"MsoNormal\" style=\"margin-bottom:0cm;margin-bottom:.0001pt;text-align:\njustify;line-height:normal\"><b style=\"mso-bidi-font-weight:normal\"><span style=\"font-size:12.0pt;font-family:&quot;Times New Roman&quot;\">1993&nbsp;: Mars. <\/span><\/b><span style=\"font-size:12.0pt;font-family:&quot;Times New Roman&quot;\">Lancement d&rsquo;un d&eacute;bat constitutionnel par le pr&eacute;sident Paul Biya.<\/span><\/p>\n<p class=\"MsoNormal\" style=\"margin-bottom:0cm;margin-bottom:.0001pt;text-align:\njustify;line-height:normal\"><b style=\"mso-bidi-font-weight:normal\"><span style=\"font-size:12.0pt;font-family:&quot;Times New Roman&quot;\">1991&nbsp;: Du 30 octobre au 13 novembre<\/span><\/b><span style=\"font-size:12.0pt;font-family:\n&quot;Times New Roman&quot;\"> se tient &agrave; Yaound&eacute; la Conf&eacute;rence tripartite pouvoirs publics &#8211; partis politiques<span style=\"mso-spacerun:yes\">&nbsp; <\/span>&#8211; soci&eacute;t&eacute; civile. La d&eacute;claration historique du 13 novembre est consid&eacute;r&eacute;e par certains comme &laquo;&nbsp;<i style=\"mso-bidi-font-style:normal\">un armistice<\/i>&nbsp;&raquo; ou une victoire issue de &laquo;&nbsp;<i style=\"mso-bidi-font-style:normal\">la paix des braves<\/i>&nbsp;&raquo; et par d&rsquo;autres comme <i style=\"mso-bidi-font-style:normal\">&laquo;&nbsp;une trahison<\/i>&nbsp;&raquo;  ou un &eacute;chec de l&rsquo;opposition. Suite &agrave; la pression de la Coordination  nationale des partis politiques, la r&eacute;forme constitutionnelle avait &eacute;t&eacute;  inscrite dans l&rsquo;ordre du jour et il avait &eacute;t&eacute; mis sur pied un comit&eacute;  technique charg&eacute; de d&eacute;battre des probl&egrave;mes constitutionnels.<\/span><\/p>\n<p class=\"MsoNormal\" style=\"margin-bottom:0cm;margin-bottom:.0001pt;text-align:\njustify;line-height:normal\"><span style=\"font-size:12.0pt;font-family:&quot;Times New Roman&quot;\">Les participants avaient obtenu entre autres choses&nbsp;: la lev&eacute;e effective des <i style=\"mso-bidi-font-style:normal\">&laquo;&nbsp;villes mortes<\/i>&nbsp;&raquo;,  la promesse de d&eacute;mant&egrave;lement des commandements op&eacute;rationnels et la  promesse de l&rsquo;&eacute;laboration d&rsquo;une nouvelle constitution. La conf&eacute;rence  tripartite avait &eacute;t&eacute; pr&eacute;sid&eacute;e par le Premier ministre Sadou Hayatou.<\/span><\/p>\n<p class=\"MsoNormal\" style=\"margin-bottom:0cm;margin-bottom:.0001pt;text-align:\njustify;line-height:normal\"><b style=\"mso-bidi-font-weight:normal\"><span style=\"font-size:12.0pt;font-family:&quot;Times New Roman&quot;\">1990&nbsp;: <\/span><\/b><span style=\"font-size:12.0pt;font-family:&quot;Times New Roman&quot;\">Publication  dans Le messager du projet de constitution du Pr. Maurice Kamto. Il y  pr&eacute;voyait une limitation du mandat pr&eacute;sidentiel.<\/span><\/p>\n<p class=\"MsoNormal\" style=\"margin-bottom:0cm;margin-bottom:.0001pt;text-align:\njustify;line-height:normal\"><b style=\"mso-bidi-font-weight:normal\"><span style=\"font-size:12.0pt;font-family:&quot;Times New Roman&quot;\">1990&nbsp;:<\/span><\/b><span style=\"font-size:12.0pt;font-family:&quot;Times New Roman&quot;\"> <b style=\"mso-bidi-font-weight:\nnormal\">19 d&eacute;cembre<\/b>. Promulgation d&rsquo;une s&eacute;rie de lois parmi  lesquelles la loi instaurant le multipartisme illimit&eacute;, la loi sur la  libert&eacute; de communication sociale, celles relatives &agrave; la libert&eacute;  d&rsquo;association, de r&eacute;union et de manifestations publiques. La loi de 1962  portant r&eacute;pression de la subversion est abolie &agrave; cette occasion. Mais,  la censure est institutionnalis&eacute;e dans la presse&nbsp;!<\/span><\/p>\n<p class=\"MsoNormal\" style=\"margin-bottom:0cm;margin-bottom:.0001pt;text-align:\njustify;line-height:normal\"><b style=\"mso-bidi-font-weight:normal\"><span style=\"font-size:12.0pt;font-family:&quot;Times New Roman&quot;\">1990&nbsp;: 20 juillet<\/span><\/b><span style=\"font-size:12.0pt;font-family:&quot;Times New Roman&quot;\">. Mise sur pied par le pr&eacute;sident<span style=\"mso-spacerun:yes\">&nbsp; <\/span>Paul  Biya d&rsquo;une commission charg&eacute;e d&rsquo;&eacute;laborer les textes sur les libert&eacute;s  publiques. Cette commission des libert&eacute;s est pr&eacute;sid&eacute;e par le conseiller  juridique du chef de l&rsquo;Etat, le magistrat Jean Foumane Akame.<\/span><\/p>\n<p>&nbsp;<br \/>\n<span class=\"small\">Edmond Kamguia K.<\/span><\/p>\n","protected":false},"excerpt":{"rendered":"<p>Chronologie des faits autour des questions de limitation du mandat pr\u00e9sidentiel et d\u2019arrimage de la constitution \u00e0 la modernit\u00e9 d\u00e9mocratique. &#8211; &nbsp;&hellip;<\/p>\n","protected":false},"author":1,"featured_media":0,"comment_status":"open","ping_status":"open","sticky":false,"template":"","format":"standard","meta":{"_lmt_disableupdate":"","_lmt_disable":"","footnotes":""},"categories":[3810],"tags":[],"class_list":["post-30451","post","type-post","status-publish","format-standard","hentry","category-archives"],"_links":{"self":[{"href":"https:\/\/mboasawa.com\/fr\/wp-json\/wp\/v2\/posts\/30451","targetHints":{"allow":["GET"]}}],"collection":[{"href":"https:\/\/mboasawa.com\/fr\/wp-json\/wp\/v2\/posts"}],"about":[{"href":"https:\/\/mboasawa.com\/fr\/wp-json\/wp\/v2\/types\/post"}],"author":[{"embeddable":true,"href":"https:\/\/mboasawa.com\/fr\/wp-json\/wp\/v2\/users\/1"}],"replies":[{"embeddable":true,"href":"https:\/\/mboasawa.com\/fr\/wp-json\/wp\/v2\/comments?post=30451"}],"version-history":[{"count":0,"href":"https:\/\/mboasawa.com\/fr\/wp-json\/wp\/v2\/posts\/30451\/revisions"}],"wp:attachment":[{"href":"https:\/\/mboasawa.com\/fr\/wp-json\/wp\/v2\/media?parent=30451"}],"wp:term":[{"taxonomy":"category","embeddable":true,"href":"https:\/\/mboasawa.com\/fr\/wp-json\/wp\/v2\/categories?post=30451"},{"taxonomy":"post_tag","embeddable":true,"href":"https:\/\/mboasawa.com\/fr\/wp-json\/wp\/v2\/tags?post=30451"}],"curies":[{"name":"wp","href":"https:\/\/api.w.org\/{rel}","templated":true}]}}