{"id":30466,"date":"2011-06-27T19:51:57","date_gmt":"2011-06-27T19:51:57","guid":{"rendered":""},"modified":"2006-01-01T00:00:00","modified_gmt":"2006-01-01T00:00:00","slug":"4268","status":"publish","type":"post","link":"https:\/\/mboasawa.com\/fr\/4268\/","title":{"rendered":"Ev\u00e9nement :Le festival italien se d\u00e9porte au Cameroun"},"content":{"rendered":"<p>Apr\u00e8s sa 11e \u00e9dition tenue du 25mai au 5 juin dernier \u00e0 Chiuduno (Italie) sans la d\u00e9l\u00e9gation camerounaise, les organisateurs de \u00ab Lo Spirito del planeta\u2019 \u00bb, ce rendez-vous des minorit\u00e9s, seront au Cameroun du 30 ao\u00fbt au 07 septembre prochain. &#8211; <\/p>\n<p><span style=\"font-size:12.0pt;font-family:&quot;Times New Roman&quot;\">La  d&eacute;l&eacute;gation des peuples minoritaires du Cameroun n&rsquo;a jamais foul&eacute; le sol  italien en qualit&eacute; de repr&eacute;sentant de cette franche de la population.  Or, c&rsquo;est depuis la 9<sup>e<\/sup> &eacute;dition que les organisateurs  souhaitent les associer &agrave; l&rsquo;&eacute;v&eacute;nement. Et les membres de la d&eacute;l&eacute;gation  se voient toujours refuser le visa par l&rsquo;ambassade d&rsquo;Italie au  Cameroun.Le festival international des groupes tribaux et indig&egrave;nes du  monde comme on le nomme a pour objectifs de promouvoir l&rsquo;esprit de  fraternit&eacute; entre les peuples autochtones du monde entier, de promouvoir  et de valoriser le patrimoine culturel et artistique de ces peuples sur  le plan international mais aussi de cr&eacute;er des opportunit&eacute;s de  partenariat entre ces peuples et des Ong.Heureusement, lors de la  derni&egrave;re &eacute;dition le promoteur du groupe de danse Baka <i style=\"mso-bidi-font-style:normal\">&laquo;&nbsp;Bena t&ocirc;t to&nbsp;&raquo;<\/i>  a pu s&rsquo;y rendre. Martin Fran&ccedil;ois Yoboh Ndongoh a ainsi pu s&rsquo;impr&eacute;gner  de l&rsquo;&eacute;v&eacute;nement mais aussi de donner une conf&eacute;rence sur le peuple dont il  est le promoteur.&nbsp;&laquo;&nbsp;<i style=\"mso-bidi-font-style:normal\">J&rsquo;ai trouv&eacute; ce festival fantastique sur tous les plans, j&rsquo;ai juste trouv&eacute; regrettable le fait que<span style=\"mso-spacerun:yes\">&nbsp; <\/span>le  groupe des Baka n&rsquo;ait pas pu y &ecirc;tre&nbsp;; car non seulement &ccedil;a leur aurait  permis de se frotter aux autres cultures mais &ccedil;a aurait &eacute;galement &eacute;t&eacute;  l&rsquo;occasion de valoriser la riche culture pygm&eacute;e Baka aux yeux du monde  entier&nbsp;&raquo;.<\/i><\/span><\/p>\n<p style=\"margin-bottom:0cm;margin-bottom:.0001pt;text-align:\njustify;line-height:normal\" class=\"MsoNormal\"><b style=\"mso-bidi-font-weight:normal\"><span style=\"font-size:12.0pt;font-family:&quot;Times New Roman&quot;\">Partenariats<\/span><\/b><\/p>\n<p style=\"margin-bottom:0cm;margin-bottom:.0001pt;text-align:\njustify;line-height:normal\" class=\"MsoNormal\"><span style=\"font-size:12.0pt;font-family:&quot;Times New Roman&quot;\">Il  n&rsquo;a pas manqu&eacute; de faire un appel aux autorit&eacute;s administratives  comp&eacute;tentes pour que la d&eacute;l&eacute;gation ne subisse pas la sort lors des  prochaines invitations.&nbsp;<i style=\"mso-bidi-font-style:normal\">&laquo;&nbsp;Nous  esp&eacute;rons que le minist&egrave;re de la Culture nous assistera dans  l&rsquo;organisation du festival de septembre et que son Excellence M.  l&rsquo;ambassadeur d&rsquo;Italie permettra enfin &agrave; ce groupe d&rsquo;assister &agrave; ce grand  rendez-vous culturel mondial du donner et du recevoir qui se tiendra  encore &agrave; Chuiduno en mi-juin 2012&nbsp;&raquo;<\/i> rench&eacute;rit Martin Yoboh.<\/span><\/p>\n<p style=\"margin-bottom:0cm;margin-bottom:.0001pt;text-align:\njustify;line-height:normal\" class=\"MsoNormal\"><span style=\"font-size:12.0pt;font-family:&quot;Times New Roman&quot;\">Les  pays africains ayant d&eacute;j&agrave; particip&eacute; &agrave; ce festival ont pu, gr&acirc;ce aux  diff&eacute;rents partenariats, obtenir des centres de sant&eacute; et des villages  culturels, c&rsquo;est le cas des Massai du Kenya par exemple&hellip;<\/span><\/p>\n<p style=\"margin-bottom:0cm;margin-bottom:.0001pt;text-align:\njustify;line-height:normal\" class=\"MsoNormal\"><span style=\"font-size:12.0pt;font-family:&quot;Times New Roman&quot;\">Le  Cameroun accueillera donc du 30 ao&ucirc;t au 07 septembre prochains pr&egrave;s de  sept d&eacute;l&eacute;gations. Nous avons entre autre les Incas du P&eacute;rou, les Massai  du Kenya, les Maoori de Polyn&eacute;sie&hellip;<\/span><\/p>\n<p style=\"margin-bottom: 0.0001pt; text-align: justify; line-height: normal;\" class=\"MsoNormal\">&nbsp;<\/p>\n<p style=\"margin-bottom: 0.0001pt; text-align: justify; line-height: normal;\" class=\"MsoNormal\"><span class=\"small\">Aicha Nsangou (Stagiaire) \t\t<\/span><\/p>\n","protected":false},"excerpt":{"rendered":"<p>Apr\u00e8s sa 11e \u00e9dition tenue du 25mai au 5 juin dernier \u00e0 Chiuduno (Italie) sans la d\u00e9l\u00e9gation camerounaise, les organisateurs de \u00ab&hellip;<\/p>\n","protected":false},"author":1,"featured_media":0,"comment_status":"open","ping_status":"open","sticky":false,"template":"","format":"standard","meta":{"_lmt_disableupdate":"","_lmt_disable":"","footnotes":""},"categories":[3810],"tags":[],"class_list":["post-30466","post","type-post","status-publish","format-standard","hentry","category-archives"],"_links":{"self":[{"href":"https:\/\/mboasawa.com\/fr\/wp-json\/wp\/v2\/posts\/30466","targetHints":{"allow":["GET"]}}],"collection":[{"href":"https:\/\/mboasawa.com\/fr\/wp-json\/wp\/v2\/posts"}],"about":[{"href":"https:\/\/mboasawa.com\/fr\/wp-json\/wp\/v2\/types\/post"}],"author":[{"embeddable":true,"href":"https:\/\/mboasawa.com\/fr\/wp-json\/wp\/v2\/users\/1"}],"replies":[{"embeddable":true,"href":"https:\/\/mboasawa.com\/fr\/wp-json\/wp\/v2\/comments?post=30466"}],"version-history":[{"count":0,"href":"https:\/\/mboasawa.com\/fr\/wp-json\/wp\/v2\/posts\/30466\/revisions"}],"wp:attachment":[{"href":"https:\/\/mboasawa.com\/fr\/wp-json\/wp\/v2\/media?parent=30466"}],"wp:term":[{"taxonomy":"category","embeddable":true,"href":"https:\/\/mboasawa.com\/fr\/wp-json\/wp\/v2\/categories?post=30466"},{"taxonomy":"post_tag","embeddable":true,"href":"https:\/\/mboasawa.com\/fr\/wp-json\/wp\/v2\/tags?post=30466"}],"curies":[{"name":"wp","href":"https:\/\/api.w.org\/{rel}","templated":true}]}}