{"id":30555,"date":"2011-09-22T13:25:51","date_gmt":"2011-09-22T13:25:51","guid":{"rendered":""},"modified":"2006-01-01T00:00:00","modified_gmt":"2006-01-01T00:00:00","slug":"4376","status":"publish","type":"post","link":"https:\/\/mboasawa.com\/fr\/4376\/","title":{"rendered":"J. G. Belobo ouvre un conservatoire"},"content":{"rendered":"<p>Chanson. Le baryton a donn\u00e9 un r\u00e9cital samedi soir \u00e0 Yaound\u00e9. A l\u2019issue d\u2019une tourn\u00e9e africaine qui l\u2019a conduit dans 20 pays. &#8211; <\/p>\n<div style=\"text-align: justify; \" id=\"cke_pastebin\"><em><strong><br \/>\n<\/strong><\/em><\/div>\n<div style=\"text-align: justify; \">&nbsp;<\/div>\n<div style=\"text-align: justify; \" id=\"cke_pastebin\">La pluie tomb&eacute;e sur la capitale camerounaise n&rsquo;a pas emp&ecirc;ch&eacute; les  aficionados d&rsquo;op&eacute;ra d&rsquo;effectuer le d&eacute;placement du palais des congr&egrave;s,  pour assister &agrave; la derni&egrave;re repr&eacute;sentation d&rsquo;une tourn&eacute;e africaine qui a  conduit &nbsp;Jacques Greg Belobo dans une vingtaine de pays africains,  depuis le mois de mars 2011.&nbsp;<\/div>\n<div style=\"text-align: justify; \" id=\"cke_pastebin\">Dans une salle du palais des congr&egrave;s &agrave; peine d&eacute;barrass&eacute;e de son  pavoisement du 3&egrave;me congr&egrave;s du Rdpc, le millier de spectateurs a pass&eacute;  une soir&eacute;e enchant&eacute;e. Pr&eacute;vu pour commencer &agrave; 21h, le r&eacute;cital de Jacques  Greg Belobo a pu finalement d&eacute;marrer avec 45 minutes de retard. Le  concert diffus&eacute; en direct sur la Crtv devait commencer lorsque la r&eacute;gie  de l&rsquo;Office allait donner le la. Le chanteur est finalement annonc&eacute; dans  un tonnerre d&rsquo;applaudissements.<\/div>\n<div style=\"text-align: justify; \">&nbsp;<\/div>\n<div style=\"text-align: justify; \" id=\"cke_pastebin\">Le r&eacute;cital &laquo; I believe &raquo;, appellation que se partagent le 7&egrave;me album  sorti au d&eacute;but de l&rsquo;ann&eacute;e 2011 et le projet autobiographique que le  chanteur a d&eacute;cid&eacute; de mettre sur pied au Cameroun, s&rsquo;est d&eacute;clin&eacute; en un  m&eacute;lange de t&eacute;moignages exclusifs coupl&eacute;s &agrave; l&rsquo;interpr&eacute;tation de titres  tri&eacute;s du r&eacute;pertoire impressionnant du chanteur aux 60 op&eacute;ras. &laquo; I  believe &raquo; est partiellement l&rsquo;histoire du jeune homme parti &agrave; la  poursuite d&rsquo;un fabuleux destin qui a commenc&eacute; &agrave; Yaound&eacute; en 1996, lors  d&rsquo;une rencontre fortuite avec les trois t&eacute;nors (Pavaroti, Jos&eacute; Careras  et Domingo), qui s&rsquo;est poursuivi au conservatoire en France, puis en  Allemagne, avant de se r&eacute;pandre dans le monde entier. Un parcours fait  de doutes, de grandes joies et de petites peines, mais r&eacute;solument  passionnant. Le temps d&rsquo;une soir&eacute;e, le chanteur s&rsquo;est mu&eacute; en biographe,  de lui-m&ecirc;me. Aid&eacute; d&rsquo;une diction agr&eacute;able, le chanteur s&rsquo;est racont&eacute;. Il a  remerci&eacute; ceux qui l&rsquo;ont accompagn&eacute; dans ce parcours du combattant. Il a  invit&eacute; &agrave; continuer d&rsquo;oser, comme pour r&eacute;pondre &agrave; l&rsquo;invite du pr&eacute;sident  du Rdpc qui en appelait &agrave; ses jeunes compatriotes lors du congr&egrave;s. Mais,  le meilleur &eacute;tait dans le chant.<\/div>\n<div style=\"text-align: justify; \">&nbsp;<\/div>\n<div style=\"text-align: justify; \" id=\"cke_pastebin\">De toute la puissance de cette voix de stentor qui r&eacute;sonnait de mille  vibratos dans la nef du palais des Congr&egrave;s, le baryton a balad&eacute; le  public dans un r&eacute;pertoire tr&egrave;s vari&eacute;. Chantant avec la m&ecirc;me aisance en  anglais, en fran&ccedil;ais et en allemand, le public a pu appr&eacute;cier toute la  classe de l&rsquo;enfant prodige de l&rsquo;op&eacute;ra. Le must a &eacute;t&eacute; cet exercice de  vocalise polyphonique auquel le chanteur a convi&eacute; le public. Ekang, un  chant populaire guerrier fang b&eacute;ti a &eacute;t&eacute; repris en ch&oelig;ur par toute la  salle, dans une communion finale, avant le long &laquo; standing ovation &raquo;  auquel l&rsquo;artiste a eu droit. En toute l&eacute;gitimit&eacute;. L&rsquo;interminable s&eacute;ance  de photo et de d&eacute;dicace de la fin en t&eacute;moigne.<\/div>\n<div style=\"text-align: justify; \" id=\"cke_pastebin\">&nbsp;<\/div>\n<div style=\"text-align: right; \" id=\"cke_pastebin\"><em>Jacques Bessala Manga<\/em><\/div>\n","protected":false},"excerpt":{"rendered":"<p>Chanson. Le baryton a donn\u00e9 un r\u00e9cital samedi soir \u00e0 Yaound\u00e9. A l\u2019issue d\u2019une tourn\u00e9e africaine qui l\u2019a conduit dans 20 pays.&hellip;<\/p>\n","protected":false},"author":1,"featured_media":0,"comment_status":"open","ping_status":"open","sticky":false,"template":"","format":"standard","meta":{"_lmt_disableupdate":"","_lmt_disable":"","footnotes":""},"categories":[3810],"tags":[],"class_list":["post-30555","post","type-post","status-publish","format-standard","hentry","category-archives"],"_links":{"self":[{"href":"https:\/\/mboasawa.com\/fr\/wp-json\/wp\/v2\/posts\/30555","targetHints":{"allow":["GET"]}}],"collection":[{"href":"https:\/\/mboasawa.com\/fr\/wp-json\/wp\/v2\/posts"}],"about":[{"href":"https:\/\/mboasawa.com\/fr\/wp-json\/wp\/v2\/types\/post"}],"author":[{"embeddable":true,"href":"https:\/\/mboasawa.com\/fr\/wp-json\/wp\/v2\/users\/1"}],"replies":[{"embeddable":true,"href":"https:\/\/mboasawa.com\/fr\/wp-json\/wp\/v2\/comments?post=30555"}],"version-history":[{"count":0,"href":"https:\/\/mboasawa.com\/fr\/wp-json\/wp\/v2\/posts\/30555\/revisions"}],"wp:attachment":[{"href":"https:\/\/mboasawa.com\/fr\/wp-json\/wp\/v2\/media?parent=30555"}],"wp:term":[{"taxonomy":"category","embeddable":true,"href":"https:\/\/mboasawa.com\/fr\/wp-json\/wp\/v2\/categories?post=30555"},{"taxonomy":"post_tag","embeddable":true,"href":"https:\/\/mboasawa.com\/fr\/wp-json\/wp\/v2\/tags?post=30555"}],"curies":[{"name":"wp","href":"https:\/\/api.w.org\/{rel}","templated":true}]}}