{"id":30568,"date":"2011-10-13T21:27:01","date_gmt":"2011-10-13T21:27:01","guid":{"rendered":""},"modified":"2006-01-01T00:00:00","modified_gmt":"2006-01-01T00:00:00","slug":"4389","status":"publish","type":"post","link":"https:\/\/mboasawa.com\/fr\/4389\/","title":{"rendered":"Mode : Kanye West d\u00e9file \u00e0 Paris"},"content":{"rendered":"<p>Le chanteur am\u00e9ricain sera en France pendant qu\u2019une pol\u00e9mique enfle en Italie. &#8211; <\/p>\n<p>&nbsp;<\/p>\n<p><span class=\"13aria\"> <\/p>\n<p>Le  rappeur am&eacute;ricain Kanye West, qui fr&eacute;quente les d&eacute;fil&eacute;s de mode depuis  plusieurs saisons, a choisi Paris et sa Fashion week pour pr&eacute;senter son  premier d&eacute;fil&eacute; de pr&ecirc;t-&agrave;-porter f&eacute;minin samedi soir, en dehors du  calendrier officiel. L&rsquo;ambiance &eacute;tait sobre, malgr&eacute; la pr&eacute;sence de  nombreuses personnalit&eacute;s dont la starlette am&eacute;ricaine Lindsay Lohan, qui  s&rsquo;&eacute;tait essay&eacute;e &agrave; la mode chez Ungaro &agrave; Paris, et les soeurs jumelles  Mary-Kate et Ashley Olsen, com&eacute;diennes devenues stylistes. Anna Wintour,  l&rsquo;influente r&eacute;dactrice en chef du Vogue am&eacute;ricain, &eacute;tait &eacute;galement au  premier rang.<br \/>\nDans une grande salle blanche, toute en longueur,  situ&eacute;e dans un lyc&eacute;e parisien, ont d&eacute;fil&eacute; une vingtaine de silhouettes, &agrave;  dominante blanc et de noir, incarn&eacute;es par plusieurs top models. Outre  des pantalons en cuir zipp&eacute;s et des robes noires au d&eacute;colett&eacute; plongeant  et rectangulaire, l&rsquo;une des pi&egrave;ces les plus remarqu&eacute;es a &eacute;t&eacute; un sac &agrave;  dos volumineux en renard. Le chanteur au collier de barbe soign&eacute; est  venu saluer, bri&egrave;vement, selon la coutume des d&eacute;fil&eacute;s de mode, en  T-shirt blanc et jean gris.<\/p>\n<p>Cependant, le calendrier des fashion  weeks 2012 fait d&eacute;j&agrave; d&eacute;bat en Italie. L&rsquo;Italie fait parler d&rsquo;elle en ce  moment en raison du calendrier des prochaines Fashion Weeks de septembre  2012. Un accord sign&eacute; entres les diff&eacute;rents syndicats de mode pr&eacute;voyait  que les 4 villes organisatrices des d&eacute;fil&eacute;s devaient respecter un  calendrier permettant &agrave; chaque manifestation d&rsquo;avoir lieu &agrave; des dates  diff&eacute;rentes afin que la presse puisse suivre chaque &eacute;v&egrave;nement &agrave; New  York, Londres, Milan et Paris. Que nenni ! Mario Boselli, pr&eacute;sident de  la Chambre nationale de la mode italienne vient de d&eacute;voiler son  calendrier pour l&rsquo;ann&eacute;e prochaine et autant dire qu&rsquo;il fait grincer des  dents la plan&egrave;te mode !<br \/>\nEn effet, celui-ci chipe une journ&eacute;e &agrave; New  York et cinq jours &agrave; Londres soit la totalit&eacute; de sa Fashion Week. Il a  ainsi d&eacute;clar&eacute; : &laquo; Que le meilleur gagne ! Les designers italiens sont  d&rsquo;accord &agrave; l&rsquo;unanimit&eacute; sur le prochain calendrier, de la plus petite  marque &agrave; la plus grande ! Ils ont montr&eacute; une grande solidarit&eacute; et  affirm&eacute; leur fiert&eacute; italienne. &raquo; Des probl&egrave;mes dans le syst&egrave;me de  fabrication sont avanc&eacute;s : en effet, les Italiens ne seraient pas en  mesure d&rsquo;envoyer leurs commandes en production assez rapidement pour  satisfaire leurs acheteurs.<\/p>\n<p><i>Justin blaise Akono Sources : Afp et News-de-stars<\/i> <\/span><\/p>\n","protected":false},"excerpt":{"rendered":"<p>Le chanteur am\u00e9ricain sera en France pendant qu\u2019une pol\u00e9mique enfle en Italie. &#8211; &nbsp; Le rappeur am&eacute;ricain Kanye West, qui fr&eacute;quente les&hellip;<\/p>\n","protected":false},"author":1,"featured_media":0,"comment_status":"open","ping_status":"open","sticky":false,"template":"","format":"standard","meta":{"_lmt_disableupdate":"","_lmt_disable":"","footnotes":""},"categories":[3810],"tags":[],"class_list":["post-30568","post","type-post","status-publish","format-standard","hentry","category-archives"],"_links":{"self":[{"href":"https:\/\/mboasawa.com\/fr\/wp-json\/wp\/v2\/posts\/30568","targetHints":{"allow":["GET"]}}],"collection":[{"href":"https:\/\/mboasawa.com\/fr\/wp-json\/wp\/v2\/posts"}],"about":[{"href":"https:\/\/mboasawa.com\/fr\/wp-json\/wp\/v2\/types\/post"}],"author":[{"embeddable":true,"href":"https:\/\/mboasawa.com\/fr\/wp-json\/wp\/v2\/users\/1"}],"replies":[{"embeddable":true,"href":"https:\/\/mboasawa.com\/fr\/wp-json\/wp\/v2\/comments?post=30568"}],"version-history":[{"count":0,"href":"https:\/\/mboasawa.com\/fr\/wp-json\/wp\/v2\/posts\/30568\/revisions"}],"wp:attachment":[{"href":"https:\/\/mboasawa.com\/fr\/wp-json\/wp\/v2\/media?parent=30568"}],"wp:term":[{"taxonomy":"category","embeddable":true,"href":"https:\/\/mboasawa.com\/fr\/wp-json\/wp\/v2\/categories?post=30568"},{"taxonomy":"post_tag","embeddable":true,"href":"https:\/\/mboasawa.com\/fr\/wp-json\/wp\/v2\/tags?post=30568"}],"curies":[{"name":"wp","href":"https:\/\/api.w.org\/{rel}","templated":true}]}}