{"id":32756,"date":"2011-06-11T23:30:18","date_gmt":"2011-06-11T23:30:18","guid":{"rendered":""},"modified":"2006-01-01T00:00:00","modified_gmt":"2006-01-01T00:00:00","slug":"2351","status":"publish","type":"post","link":"https:\/\/mboasawa.com\/fr\/2351\/","title":{"rendered":"In\u00e9ligibilit\u00e9 de Paul Biya :Le Sdf pr\u00eat pour une suite judiciaire si\u2026"},"content":{"rendered":"<p><span style=\"mso-bidi-font-style:italic\"><img decoding=\"async\" width=\"175\" height=\"175\" border=\"1\" align=\"left\" src=\"http:\/\/www.lanouvelleexpression.info\/images\/image\/Joshua%20Osih_%281%29.jpg\" alt=\"\" \/><\/span><span style=\"mso-bidi-font-style:italic\">R&eacute;agissant  comme certains de ses homologues &agrave; la controverse en cours sur une  probable candidature de l&rsquo;actuel chef de l&rsquo;Etat, le principal parti de  l&rsquo;opposition n&rsquo;exclut pas d&rsquo;exploiter cette br&egrave;che le moment venu.<\/span><\/p>\n<p>Joshua Osih met &agrave; nu l&rsquo;intention du Social Democrati Front&nbsp;:<\/p>\n<p>&nbsp; \t<i style=\"mso-bidi-font-style:normal\">&laquo;&nbsp;Il ne fait l&rsquo;ombre d&rsquo;aucun doute que nous allons exploiter cette possibilit&eacute; si le processus &eacute;lectoral demeure bloqu&eacute;&nbsp;&raquo;,<\/i> souligne le 2<sup>e<\/sup>  vice-pr&eacute;sident national du Sdf. R&eacute;agissant &agrave; la controverse actuelle  sur l&rsquo;in&eacute;ligibilit&eacute; de Paul Biya par rapport &agrave; l&rsquo;&eacute;lection pr&eacute;sidentielle  de 2011, il pr&eacute;cise que son parti ne manquera pas, le moment venu, de  saisir la Cour supr&ecirc;me si le pr&eacute;sident national du Rdpc d&eacute;pose sa  candidature. Car, d&rsquo;apr&egrave;s lui, le chef de l&rsquo;Etat en fonction s&rsquo;est  engag&eacute; en 2004 en promettant aux Camerounais qu&rsquo;il faisait son dernier  mandat, conform&eacute;ment &agrave; la constitution. <i style=\"mso-bidi-font-style:\nnormal\">&laquo;&nbsp;En essayant de se repr&eacute;senter, il essaye de tromper le peuple qui l&rsquo;a &eacute;lu&nbsp;&raquo;<\/i>, clame-t-il. Une &eacute;ventualit&eacute; &agrave; laquelle Robert Simo, vice-pr&eacute;sident du Parti socialiste-d&eacute;mocrate (Pds), ne songe m&ecirc;me pas. <i style=\"mso-bidi-font-style:normal\">&laquo;&nbsp;Je  doute fort que Paul Biya puisse se repr&eacute;senter cette ann&eacute;e. Car cela  pourrait d&eacute;clencher du d&eacute;sordre. Il a int&eacute;r&ecirc;t &agrave; sortir par la grande  porte&nbsp;&raquo;,<\/i> ass&egrave;ne-t-il.<br \/>\n&nbsp;<\/p>\n<p style=\"margin:0cm;margin-bottom:.0001pt;\ntext-align:justify\" class=\"yiv2081676568msonormal\">Les deux politiques font au moins chorus avec l&rsquo;hypoth&egrave;se d&rsquo;Alain  Didier Olinga sur l&rsquo;in&eacute;ligibilit&eacute; de Paul Biya. Si Robert Simo s&rsquo;appuie  sur la long&eacute;vit&eacute; de l&rsquo;actuel chef de l&rsquo;Etat pour valider cette  possibilit&eacute;, Joshua Osih reprend &agrave; son compte un d&eacute;veloppement d&eacute;j&agrave;  servi par Mathias Eric Owona Nguini. <i style=\"mso-bidi-font-style:normal\">&laquo;&nbsp;En  1992, Paul Biya fut &eacute;lu pour cinq ans. Puis vint la r&eacute;vision de 1996  modifiant la dur&eacute;e du mandat. Or il n&rsquo;est pas rest&eacute; jusqu&rsquo;en 1999,  puisqu&rsquo;il y a eu pr&eacute;sidentielle en 1997&nbsp;&raquo;,<\/i> fait-il remarquer pour renforcer sa conviction.<\/p>\n<p style=\"margin:0cm;margin-bottom:.0001pt;\ntext-align:justify\" class=\"yiv2081676568msonormal\">Pierre Abanda Pkama, pr&eacute;sident du Manidem, embraye sur un autre registre&nbsp;: <i style=\"mso-bidi-font-style:normal\">&laquo;&nbsp;Il  appartient &agrave; Paul Biya lui-m&ecirc;me de r&eacute;pondre &agrave; la question soulev&eacute;e,  dans la mesure o&ugrave; il a tripatouill&eacute; la constitution pour se mettre en  situation de se repr&eacute;senter&nbsp;&raquo;,<\/i> observe-il. Samuel Mack-Kit, dirigeant de l&rsquo;Upc des fid&egrave;les n&rsquo;est pas &eacute;loign&eacute; d&rsquo;une telle grille de lecture&nbsp;: <i style=\"mso-bidi-font-style:normal\">&laquo;&nbsp;C&rsquo;est le probl&egrave;me de M. Biya. En 2008, il a fait un coup d&rsquo;Etat constitutionnel. Il n&rsquo;a qu&rsquo;&agrave; s&rsquo;en prendre &agrave; lui-m&ecirc;me&nbsp;&raquo;,<\/i> conclut-il.<\/p>\n<p style=\"margin:0cm;margin-bottom:.0001pt;\ntext-align:justify\" class=\"yiv2081676568msonormal\">&nbsp;<\/p>\n<p style=\"margin:0cm;margin-bottom:.0001pt;\ntext-align:justify\" class=\"yiv2081676568msonormal\"><b>Du d&eacute;bat juridique au d&eacute;bat politique<\/b><\/p>\n<p style=\"margin:0cm;margin-bottom:.0001pt;\ntext-align:justify\" class=\"yiv2081676568msonormal\">&nbsp;<\/p>\n<p style=\"margin:0cm;margin-bottom:.0001pt;\ntext-align:justify\" class=\"yiv2081676568msonormal\">La mani&egrave;re dont Narcisse Mouelle Kombi et Marcellin Nguele Abada  r&eacute;pliquent &agrave; la chronique d&rsquo;Alain Didier Olinga retient tout autant  l&rsquo;attention des politiques. <i style=\"mso-bidi-font-style:normal\">&laquo;&nbsp;La position de ces universitaires ressemble &agrave; celle de personnes ayant faim. Elle est aux antipodes de la r&eacute;alit&eacute;&nbsp;&raquo;,<\/i> affirme Robert Simo. Le Sdf s&rsquo;offusque de ce qu&rsquo;on veuille &eacute;touffer le d&eacute;bat juridique. <i style=\"mso-bidi-font-style:normal\">&laquo;&nbsp;Un  d&eacute;bat entre le universitaires ne devrait pas souffrir de la pression  politique. Je trouve d&eacute;solant qu&rsquo;il y ait une machine pour contrer un  d&eacute;bat universitaire&nbsp;&raquo;,<\/i> poursuit Joshua Osih qui n&rsquo;h&eacute;site pas &agrave; marquer sa pr&eacute;f&eacute;rence&nbsp;: <i style=\"mso-bidi-font-style:\nnormal\">&laquo;&nbsp;Alain Didier Olinga a &eacute;t&eacute; clair et il a eu une position d&rsquo;universitaire.&nbsp;&raquo;<\/i>  C&rsquo;est la raison pour laquelle, au sein du principal parti de  l&rsquo;opposition, ce d&eacute;bat de nature juridique aujourd&rsquo;hui, pourra  rapidement se d&eacute;porter sur le terrain politique d&egrave;s que le locataire  d&rsquo;Etoudi d&eacute;voilera son intention.<\/p>\n<p style=\"margin:0cm;margin-bottom:.0001pt;\ntext-align:justify\" class=\"yiv2081676568msonormal\">Au Sdf l&rsquo;on estime que la survenance de ce d&eacute;bat est tributaire du contexte politique actuel. <i style=\"mso-bidi-font-style:normal\">&laquo;&nbsp;Cette  pol&eacute;mique est nourrie par le fait que les Camerounais ne peuvent  valablement &eacute;lire leur leadership, estime Joshua Osih. Or, comme aucun  crime n&rsquo;est parfait, on trouve &agrave; redire sur des lois faites dans la  pr&eacute;cipitation, &agrave; l&rsquo;int&eacute;rieur desquelles on peut trouver des points o&ugrave; on  les [le pouvoir] attrape.&nbsp;&raquo;<\/i> Le dirigeant socio-d&eacute;mocrate va jusqu&rsquo;&agrave;  attribuer la paternit&eacute; de ce d&eacute;bat &agrave; sa formation qui, de son aveu,  l&rsquo;avait d&eacute;j&agrave; &eacute;voqu&eacute; apr&egrave;s la r&eacute;vision constitutionnelle d&rsquo;avril 2008.<\/p>\n<p style=\"margin:0cm;margin-bottom:.0001pt;\ntext-align:justify\" class=\"yiv2081676568msonormal\">De fait, l&rsquo;issue reste &agrave; ses yeux la refonte des listes &eacute;lectorales comme le pr&eacute;conise son parti. <i style=\"mso-bidi-font-style:normal\">&laquo;&nbsp;Si  M. Biya persiste dans son hold-up &eacute;lectoral, nous saisirons les  tribunaux nationaux et internationaux pour arr&ecirc;ter cette imposture&nbsp;&raquo;,<\/i>  mart&egrave;le Joshua Osih. Pour m&eacute;moire, une proc&eacute;dure reste pendante &agrave; la  Commission des droits de l&rsquo;homme des Nations unies, &agrave; Gen&egrave;ve.<\/p>\n<p style=\"margin:0cm;margin-bottom:.0001pt;\ntext-align:justify\" class=\"yiv2081676568msonormal\">Cependant, <i style=\"mso-bidi-font-style:normal\">&laquo;&nbsp;nous n&rsquo;avons pas  besoin de passer par les tribunaux pour venir &agrave; bout de Monsieur Biya et  lib&eacute;rer le Cameroun, mais par les urnes.&nbsp;Dans la mesure o&ugrave; nous  voulons, au-del&agrave; de sa personne, changer le Cameroun &raquo;,<\/i> conclut Joshua Osih.<\/p>\n<p>\n<span class=\"small\">Mbadi Otabela<\/span><\/p>\n","protected":false},"excerpt":{"rendered":"<p>R&eacute;agissant comme certains de ses homologues &agrave; la controverse en cours sur une probable candidature de l&rsquo;actuel chef de l&rsquo;Etat, le principal&hellip;<\/p>\n","protected":false},"author":1,"featured_media":0,"comment_status":"open","ping_status":"open","sticky":false,"template":"","format":"standard","meta":{"_lmt_disableupdate":"","_lmt_disable":"","footnotes":""},"categories":[3810],"tags":[],"class_list":["post-32756","post","type-post","status-publish","format-standard","hentry","category-archives"],"_links":{"self":[{"href":"https:\/\/mboasawa.com\/fr\/wp-json\/wp\/v2\/posts\/32756","targetHints":{"allow":["GET"]}}],"collection":[{"href":"https:\/\/mboasawa.com\/fr\/wp-json\/wp\/v2\/posts"}],"about":[{"href":"https:\/\/mboasawa.com\/fr\/wp-json\/wp\/v2\/types\/post"}],"author":[{"embeddable":true,"href":"https:\/\/mboasawa.com\/fr\/wp-json\/wp\/v2\/users\/1"}],"replies":[{"embeddable":true,"href":"https:\/\/mboasawa.com\/fr\/wp-json\/wp\/v2\/comments?post=32756"}],"version-history":[{"count":0,"href":"https:\/\/mboasawa.com\/fr\/wp-json\/wp\/v2\/posts\/32756\/revisions"}],"wp:attachment":[{"href":"https:\/\/mboasawa.com\/fr\/wp-json\/wp\/v2\/media?parent=32756"}],"wp:term":[{"taxonomy":"category","embeddable":true,"href":"https:\/\/mboasawa.com\/fr\/wp-json\/wp\/v2\/categories?post=32756"},{"taxonomy":"post_tag","embeddable":true,"href":"https:\/\/mboasawa.com\/fr\/wp-json\/wp\/v2\/tags?post=32756"}],"curies":[{"name":"wp","href":"https:\/\/api.w.org\/{rel}","templated":true}]}}