{"id":32762,"date":"2011-07-04T21:31:57","date_gmt":"2011-07-04T21:31:57","guid":{"rendered":""},"modified":"2006-01-01T00:00:00","modified_gmt":"2006-01-01T00:00:00","slug":"2357","status":"publish","type":"post","link":"https:\/\/mboasawa.com\/fr\/2357\/","title":{"rendered":"Paul Biya. L&rsquo;int\u00e9gralit\u00e9 de l&rsquo;intervention du Pr\u00e9sident de la R\u00e9publique, \u00e0 la s\u00e9ance pl\u00e9ni\u00e8re du 17e sommet de l\u2019Union africaine \u00ad\u00e0 Malabo."},"content":{"rendered":"<p style=\"text-align: justify;\"><em><strong><br \/>\n<\/strong><\/em><\/p>\n<h1 class=\"contentheading clearfix\">&ldquo;Une jeunesse bien form&eacute;e est le garant de la stabilit&eacute;&rdquo;<\/h1>\n<p style=\"text-align: justify;\">\n<em><strong><\/p>\n<p>Paul Biya.<\/strong> L&rsquo;int&eacute;gralit&eacute; de l&rsquo;intervention du  Pr&eacute;sident de la R&eacute;publique, &agrave; la s&eacute;ance pl&eacute;ni&egrave;re du 17e sommet de  l&rsquo;Union africaine &shy;&agrave; Malabo.<\/em><\/p>\n<p style=\"text-align: justify;\"><strong>Excellences, Mesdames et&nbsp; Messieurs les chefs d&rsquo;Etat et de gouvernement de l&rsquo;Union africaine,<\/p>\n<p>Mesdames, Messieurs,<\/strong><br \/>\nPermettez-moi de m&rsquo;adresser d&rsquo;abord &agrave; notre h&ocirc;te, mon fr&egrave;re et ami, Son  Excellence Monsieur Teodoro Obiang Nguema Mbasogo, pr&eacute;sident de la  R&eacute;publique de Guin&eacute;e &eacute;quatoriale, pour le remercier de la chaleur de son  accueil et de celui de ses compatriotes, ainsi que des multiples  attentions dont ma d&eacute;l&eacute;gation et moi-m&ecirc;me avons &eacute;t&eacute; l&rsquo;objet.<\/p>\n<p style=\"text-align: justify;\">L&rsquo;honneur qui est fait &agrave; la Guin&eacute;e &eacute;quatoriale de recevoir cette 17&egrave;  session ordinaire de la Conf&eacute;rence des chefs d&rsquo;Etat de notre union  rejaillit sur les autres membres de notre sous-r&eacute;gion et en particulier  le Cameroun, dont l&rsquo;&eacute;troitesse des liens avec nos fr&egrave;res &eacute;quato-guin&eacute;ens  est bien connue. C&rsquo;est pourquoi nous nous f&eacute;licitons de la tenue de ce  sommet ici &agrave; Malabo et formons des v&oelig;ux pour son succ&egrave;s.<\/p>\n<p><strong>Excellences, Mesdames, Messieurs,<\/strong><br \/>\nAu moment o&ugrave; notre coll&egrave;gue de Guin&eacute;e &eacute;quatoriale prenait ses fonctions  &agrave; la t&ecirc;te de notre organisation au d&eacute;but de cette ann&eacute;e, le nord de  notre continent &eacute;tait &eacute;branl&eacute; par des soul&egrave;vements populaires, qualifi&eacute;s  par les m&eacute;dias de &laquo; printemps arabe&raquo;. Il convient de rappeler que ces  convulsions avaient &eacute;t&eacute; pr&eacute;c&eacute;d&eacute;es, dans plusieurs de nos r&eacute;gions, de  mouvements contestataires aux causes diverses mais commun&eacute;ment appel&eacute;es &laquo;  &eacute;meutes de la faim &raquo;.<br \/>\nIl appara&icirc;t clairement que le d&eacute;nominateur commun de ces &laquo; r&eacute;voltes &raquo;  &eacute;tait l&rsquo;insatisfaction des populations devant, selon les cas, la  pauvret&eacute;, le ch&ocirc;mage, la corruption, l&rsquo;oppression, les in&eacute;galit&eacute;s, etc.  On doit remarquer que la composante majoritaire de ces mouvements &eacute;tait  form&eacute;e de la partie la plus jeune des populations concern&eacute;es.<br \/>\nLorsque l&rsquo;on sait que la jeunesse &#8211; les moins de 35 ans &#8211; repr&eacute;sente  62% de la population en Afrique, on ne peut que mesurer l&rsquo;importance et  l&rsquo;urgence des probl&egrave;mes ainsi pos&eacute;s.<br \/>\nQuels sont ces probl&egrave;mes ?<br \/>\nEn premier lieu, le ch&ocirc;mage des jeunes qui atteint dans la plupart de  nos pays des taux tr&egrave;s &eacute;lev&eacute;s. Il touche aussi bien les dipl&ocirc;m&eacute;s que  ceux qui sont sortis du syst&egrave;me scolaire sans formation. Il est  responsable de la pauvret&eacute; d&rsquo;une grande&nbsp; partie&nbsp; de&nbsp; la jeunesse&nbsp; et,&nbsp;&nbsp;  plus grave&nbsp; encore,&nbsp; am&egrave;ne&nbsp; celle-ci&nbsp; &agrave; s&rsquo;interroger sur son avenir.<br \/>\nMais aussi l&rsquo;inadaptation de nos syst&egrave;mes &eacute;ducatifs qui ne pr&eacute;parent  pas notre jeunesse, comme ils le devraient, &agrave; la vie professionnelle.<br \/>\nEgalement, le sentiment que nos jeunes ont de rester en marge de la  soci&eacute;t&eacute;, faute de pouvoir faire suffisamment valoir leurs droits  civiques, politiques et sociaux.<br \/>\nDe m&ecirc;me, l&rsquo;impression qu&rsquo;ils ont que l&rsquo;environnement &eacute;conomique de nos  pays leur est d&eacute;favorable, ce qui peut les conduire &agrave; l&rsquo;exode rural ou &agrave;  l&rsquo;&eacute;migration clandestine.<br \/>\nEnfin, la situation sanitaire de la jeunesse africaine particuli&egrave;rement menac&eacute;e par l&rsquo;extension de l&rsquo;infection par le VIH\/Sida.<br \/>\nIl est ais&eacute; de comprendre que cette accumulation de griefs et  d&rsquo;infortunes puisse &ecirc;tre g&eacute;n&eacute;ratrice d&rsquo;un sentiment d&rsquo;injustice et mener  au d&eacute;couragement, voire &agrave; ma r&eacute;volte.<br \/>\nC&rsquo;est le grand m&eacute;rite de notre organisation continentale de l&rsquo;avoir  compris et d&rsquo;avoir choisi pour th&egrave;me des assises de Malabo &#8211; je cite &#8211; &laquo;  d&rsquo;acc&eacute;l&eacute;rer l&rsquo;autonomisation des jeunes pour un d&eacute;veloppement durable  &raquo;. Pour atteindre cet objectif, il est &eacute;vident qu&rsquo;il nous faudra aller  bien au-del&agrave; des initiatives prises jusqu&rsquo;&agrave; maintenant aussi bien par  l&rsquo;UA que par nos gouvernements.<br \/>\nNotre organisation s&rsquo;est d&eacute;j&agrave; distingu&eacute;e en adoptant diverses  dispositions institutionnelles et juridiques ainsi que des mesures  d&rsquo;ordre pratique qui vont dans le sens d&rsquo;une pleine utilisation du  potentiel de la jeunesse dans le processus de d&eacute;veloppement de nos pays.  Il serait fastidieux de les &eacute;num&eacute;rer ici tant elles sont nombreuses et  vari&eacute;es. Quant &agrave; nos Etats, qui sont tous confront&eacute;s au m&ecirc;me probl&egrave;me de  l&rsquo;insertion de leur jeunesse dans la soci&eacute;t&eacute;, il va sans dire qu&rsquo;ils y  consacrent tous les moyens disponibles.<br \/>\nM. Jean Ping, pr&eacute;sident de notre Commission, a en quelque sorte fix&eacute; le  cap lorsqu&rsquo;il a &eacute;voqu&eacute; &agrave; B&acirc;ta en mai dernier &#8211; je cite &#8211; &laquo; la volont&eacute;  des dirigeants du continent de poursuivre les efforts d&eacute;ploy&eacute;s par  l&rsquo;Afrique pour la cr&eacute;ation et la promotion de conditions ad&eacute;quates en  vue d&rsquo;une meilleure prise en charge des besoins de le jeunesse africaine  &raquo; et lorsqu&rsquo;il souligne &#8211; je cite &agrave; nouveau &#8211; &laquo; l&rsquo;importance que notre  organisation accorde &agrave; cette frange de la population africaine dont elle  reconna&icirc;t le r&ocirc;le primordial et la contribution dans le processus de  d&eacute;veloppement &raquo;.<br \/>\nPour acc&eacute;l&eacute;rer l&rsquo;autonomisation des jeunes en vue d&rsquo;un d&eacute;veloppement  durable, dans quels sens devrions-nous faire porter nos efforts en  priorit&eacute; ?<br \/>\n* en facilitant l&rsquo;exercice de leurs droits civiques, sociaux et culturels,<br \/>\n* en poursuivant avec m&eacute;thode une politique d&rsquo;acc&egrave;s &agrave; l&#8217;emploi reposant sur un<br \/>\nsyst&egrave;me &eacute;ducatif orient&eacute; vers la professionnalisation,<br \/>\n* en cr&eacute;ant un environnement favorable &agrave; l&rsquo;insertion des jeunes dans la vie<br \/>\n&eacute;conomique,<br \/>\n* en stimulant la croissance par la r&eacute;alisation de grands projets agricoles, miniers,<br \/>\nindustriels, &eacute;nerg&eacute;tiques, d&rsquo;infrastructures, tous cr&eacute;ateurs d&#8217;emplois.<\/p>\n<p style=\"text-align: justify;\"><strong>Excellences, Mesdames, Messieurs,<\/strong><br \/>\nLe Cameroun a fait sien ce vaste programme et s&rsquo;est engag&eacute; avec  d&eacute;termination dans sa mise en &oelig;uvre. Sans entrer dans le d&eacute;tail, je  mentionnerai :<br \/>\n&#8211; l&rsquo;allocation du cinqui&egrave;me du budget de l&rsquo;Etat au secteur &eacute;ducatif et la professionnalisation progressive de celui-ci,<br \/>\n&#8211; la cr&eacute;ation du Conseil national de la Jeunesse, plate-forme de  dialogue qui permet la prise en compte des aspirations des jeunes dans  les strat&eacute;gies de d&eacute;veloppement,<br \/>\n&#8211; le Plan d&rsquo;action national pour l&#8217;emploi des jeunes et le Programme d&rsquo;appui &agrave; la<br \/>\njeunesse rurale et urbaine, l&rsquo;un et l&rsquo;autre assurant une certaine formation &agrave; des jeunes en qu&ecirc;te d&rsquo;un premier emploi,<br \/>\n&#8211; le Service civique national de participation au d&eacute;veloppement gr&acirc;ce  auquel une partie de notre jeunesse peut s&rsquo;impliquer dans la mise en  &oelig;uvre de projets&nbsp; locaux&nbsp; concernant la&nbsp; protection&nbsp; de&nbsp;  l&rsquo;environnement,&nbsp; comme&nbsp; par exemple l&rsquo;op&eacute;ration Sahel vert.<br \/>\nCes initiatives de caract&egrave;re g&eacute;n&eacute;ral ont &eacute;t&eacute; compl&eacute;t&eacute;es par des actions  concr&egrave;tes telles que le recrutement par l&rsquo;Etat de plusieurs milliers de  jeunes dans les services de s&eacute;curit&eacute; et de sant&eacute; et, plus r&eacute;cemment, le  lancement d&rsquo;un projet d&rsquo;int&eacute;gration de 25.000 jeunes dipl&ocirc;m&eacute;s dans la  Fonction publique.<br \/>\nJe crois pouvoir affirmer &agrave; nouveau que le Cameroun se rallie aux  objectifs de l&rsquo;Union africaine en mati&egrave;re de participation des jeunes au  d&eacute;veloppement et qu&rsquo;il s&rsquo;efforce pour ce qui le concerne de prendre  toutes dispositions utiles pour les atteindre. Nous consid&eacute;rons en effet  que la jeunesse, &laquo; avenir de la Nation &raquo;, doit &ecirc;tre mise en situation  de prendre le relais des g&eacute;n&eacute;rations pr&eacute;c&eacute;dentes le moment venu. Une  jeunesse bien form&eacute;e, consciente des ses responsabilit&eacute;s, est en effet  le garant de la stabilit&eacute; d&rsquo;une communaut&eacute; nationale tourn&eacute;e vers le  progr&egrave;s &eacute;conomique et social.<br \/>\nBien s&ucirc;r, il nous reste encore bien du chemin &agrave; faire pour donner &agrave; nos  jeunes les meilleures chances de relever les d&eacute;fis du futur. Nous en  sommes conscients. C&rsquo;est pourquoi nous consacrerons toute l&rsquo;&eacute;nergie  n&eacute;cessaire pour pr&eacute;parer notre jeunesse, avec l&rsquo;appui de nos partenaires  bilat&eacute;raux et de la communaut&eacute; internationale, &agrave; surmonter les  obstacles qui pourraient se dresser sur sa route.<\/p>\n<p style=\"text-align: right;\"><strong>Je vous remercie de votre attention.<\/strong><\/p>\n","protected":false},"excerpt":{"rendered":"<p>&ldquo;Une jeunesse bien form&eacute;e est le garant de la stabilit&eacute;&rdquo; Paul Biya. L&rsquo;int&eacute;gralit&eacute; de l&rsquo;intervention du Pr&eacute;sident de la R&eacute;publique, &agrave; la&hellip;<\/p>\n","protected":false},"author":1,"featured_media":0,"comment_status":"open","ping_status":"open","sticky":false,"template":"","format":"standard","meta":{"_lmt_disableupdate":"","_lmt_disable":"","footnotes":""},"categories":[3810],"tags":[],"class_list":["post-32762","post","type-post","status-publish","format-standard","hentry","category-archives"],"_links":{"self":[{"href":"https:\/\/mboasawa.com\/fr\/wp-json\/wp\/v2\/posts\/32762","targetHints":{"allow":["GET"]}}],"collection":[{"href":"https:\/\/mboasawa.com\/fr\/wp-json\/wp\/v2\/posts"}],"about":[{"href":"https:\/\/mboasawa.com\/fr\/wp-json\/wp\/v2\/types\/post"}],"author":[{"embeddable":true,"href":"https:\/\/mboasawa.com\/fr\/wp-json\/wp\/v2\/users\/1"}],"replies":[{"embeddable":true,"href":"https:\/\/mboasawa.com\/fr\/wp-json\/wp\/v2\/comments?post=32762"}],"version-history":[{"count":0,"href":"https:\/\/mboasawa.com\/fr\/wp-json\/wp\/v2\/posts\/32762\/revisions"}],"wp:attachment":[{"href":"https:\/\/mboasawa.com\/fr\/wp-json\/wp\/v2\/media?parent=32762"}],"wp:term":[{"taxonomy":"category","embeddable":true,"href":"https:\/\/mboasawa.com\/fr\/wp-json\/wp\/v2\/categories?post=32762"},{"taxonomy":"post_tag","embeddable":true,"href":"https:\/\/mboasawa.com\/fr\/wp-json\/wp\/v2\/tags?post=32762"}],"curies":[{"name":"wp","href":"https:\/\/api.w.org\/{rel}","templated":true}]}}