{"id":34088,"date":"2008-08-02T19:08:49","date_gmt":"2008-08-02T19:08:49","guid":{"rendered":""},"modified":"2006-01-01T00:00:00","modified_gmt":"2006-01-01T00:00:00","slug":"1308","status":"publish","type":"post","link":"https:\/\/mboasawa.com\/fr\/1308\/","title":{"rendered":"Y.  Noah: La personnalit\u00e9 pr\u00e9f\u00e9r\u00e9e des Fran\u00e7ais"},"content":{"rendered":"<div class=\"titre\">\n<h1>Yannick Noah reste la personnalit&eacute; pr&eacute;f&eacute;r&eacute;e des Fran&ccedil;ais, selon le classement du &quot;JDD&quot;<\/h1>\n<p><span> 02\/08\/2008 &#8211; Lu 0 fois<\/span><\/div>\n<div class=\"chapo\"><img decoding=\"async\" alt=\"\" src=\"..\/..\/..\/images\/yannick_noah.jpg\" \/> PARIS &#8211; Yannick Noah reste la personnalit&eacute; pr&eacute;f&eacute;r&eacute;e des Fran&ccedil;ais, selon le classement bisannuel du &quot;Journal du dimanche&quot; dans lequel Dany Boon fait son entr&eacute;e, &agrave; la deuxi&egrave;me place.<\/div>\n<div class=\"texte\">\n<p><img fetchpriority=\"high\" decoding=\"async\" width=\"263\" height=\"400\" align=\"left\" src=\"..\/..\/..\/galerie\/Yannick%20Noah\/yannick_noah12.jpg\" alt=\"yannick_noah12.jpg\" title=\"yannick_noah12.jpg, 263x400px \" id=\"img\" style=\"opacity: 1;\" \/>Le r&eacute;alisateur-acteur de &quot;Bienvenue chez les Ch&#8217;tis&quot; ravit la deuxi&egrave;me place &agrave; Zin&eacute;dine Zidane, aujourd&rsquo;hui troisi&egrave;me du classement. L&rsquo;ancien capitaine de l&rsquo;&eacute;quipe de France devance l&rsquo;animateur &eacute;cologiste Nicolas Hulot (4e, moins une place), et la com&eacute;dienne Mimie Mathy (5e, moins deux places), selon ce sondage Ifop que publie dimanche le &quot;JDD&quot;.<\/p>\n<p>Autre entr&eacute;e dans le classement, celle d&rsquo;Ingrid Betancourt. L&rsquo;ancienne s&eacute;natrice franco-colombienne, lib&eacute;r&eacute;e d&eacute;but juillet apr&egrave;s plus de six ann&eacute;es de captivit&eacute; aux mains des Forces arm&eacute;es r&eacute;volutionnaires de Colombie (FARC), occupe la 21e place.<\/p>\n<p>Carla Bruni-Sarkozy, l&rsquo;&eacute;pouse du chef de l&rsquo;Etat, fait &eacute;galement son apparition parmi les cinquante personnalit&eacute;s pr&eacute;f&eacute;r&eacute;es des Fran&ccedil;ais, &agrave; la 50e et derni&egrave;re place. Nicolas Sarkozy a perdu douze places en six mois, et pointe d&eacute;sormais au 44e rang.<\/p>\n<p>La journaliste Laurence Ferrari, qui va remplacer Patrick Poivre d&rsquo;Arvor &agrave; la pr&eacute;sentation du journal de 20h de TF1 &agrave; la rentr&eacute;e, et le footballeur Franck Ribery apparaissent aussi dans le classement, respectivement aux 48e et 39 places, tout comme Olivier Besancenot, porte-parole de la Ligue communiste r&eacute;volutionnaire (45e).<\/p>\n<p>La premi&egrave;re personnalit&eacute; politique est Simone Veil (16e, plus une place). Viennent ensuite Nicolas Sarkozy (44e), Olivier Besancenot (45e), et S&eacute;gol&egrave;ne Royal (49e, moins treize places).<\/p>\n<p>Par ailleurs, parmi les personnalit&eacute;s class&eacute;es &agrave; la premi&egrave;re place depuis 1988, c&rsquo;est l&rsquo;Abb&eacute; Pierre qui a compt&eacute; le plus pour les Fran&ccedil;ais (53%), devant le commandant Cousteau (16%) et Zin&eacute;dine Zidane (12%). Yannick Noah (11%) et le judoka David Douillet (6%) viennent compl&eacute;ter ce top cinq. AP<\/p>\n<p>-sondage r&eacute;alis&eacute; du 10 au 24 juillet aupr&egrave;s d&rsquo;un &eacute;chantillon de 1.077 personnes repr&eacute;sentatif de la population fran&ccedil;aise &acirc;g&eacute;e de 18 ans et plus, selon la m&eacute;thode des quotas, sauf celui concernant le &quot;top cinq&quot;, r&eacute;alis&eacute; par t&eacute;l&eacute;phone les 17 et 18 juillet sur un &eacute;chantillon de 1.006 personnes. AP<\/p>\n<p><span class=\"prvLogo\"><img decoding=\"async\" width=\"170\" height=\"37\" src=\"http:\/\/l.yimg.com\/i\/i\/fr\/ne\/x\/ap.gif?x=170&amp;y=37&amp;q=75&amp;sig=8FS_IrJBQdC9shgtV0dpow--\" alt=\"AP\" \/><\/span><\/p>\n<\/div>\n","protected":false},"excerpt":{"rendered":"<p>Yannick Noah reste la personnalit&eacute; pr&eacute;f&eacute;r&eacute;e des Fran&ccedil;ais, selon le classement du &quot;JDD&quot; 02\/08\/2008 &#8211; Lu 0 fois PARIS &#8211; Yannick Noah&hellip;<\/p>\n","protected":false},"author":1,"featured_media":0,"comment_status":"open","ping_status":"open","sticky":false,"template":"","format":"standard","meta":{"_lmt_disableupdate":"","_lmt_disable":"","footnotes":""},"categories":[24],"tags":[],"class_list":["post-34088","post","type-post","status-publish","format-standard","hentry","category-culture-tradition-sawa"],"_links":{"self":[{"href":"https:\/\/mboasawa.com\/fr\/wp-json\/wp\/v2\/posts\/34088","targetHints":{"allow":["GET"]}}],"collection":[{"href":"https:\/\/mboasawa.com\/fr\/wp-json\/wp\/v2\/posts"}],"about":[{"href":"https:\/\/mboasawa.com\/fr\/wp-json\/wp\/v2\/types\/post"}],"author":[{"embeddable":true,"href":"https:\/\/mboasawa.com\/fr\/wp-json\/wp\/v2\/users\/1"}],"replies":[{"embeddable":true,"href":"https:\/\/mboasawa.com\/fr\/wp-json\/wp\/v2\/comments?post=34088"}],"version-history":[{"count":0,"href":"https:\/\/mboasawa.com\/fr\/wp-json\/wp\/v2\/posts\/34088\/revisions"}],"wp:attachment":[{"href":"https:\/\/mboasawa.com\/fr\/wp-json\/wp\/v2\/media?parent=34088"}],"wp:term":[{"taxonomy":"category","embeddable":true,"href":"https:\/\/mboasawa.com\/fr\/wp-json\/wp\/v2\/categories?post=34088"},{"taxonomy":"post_tag","embeddable":true,"href":"https:\/\/mboasawa.com\/fr\/wp-json\/wp\/v2\/tags?post=34088"}],"curies":[{"name":"wp","href":"https:\/\/api.w.org\/{rel}","templated":true}]}}