{"id":62013,"date":"2025-04-17T11:49:29","date_gmt":"2025-04-17T09:49:29","guid":{"rendered":"https:\/\/mboasawa.com\/fr\/?p=62013"},"modified":"2025-04-17T11:51:04","modified_gmt":"2025-04-17T09:51:04","slug":"histoire-du-cameroun-aux-origines","status":"publish","type":"post","link":"https:\/\/mboasawa.com\/fr\/histoire-du-cameroun-aux-origines\/","title":{"rendered":"Histoire du Cameroun : aux origines&#8230;"},"content":{"rendered":"\n<p><em>Le Cameroun, ou la R\u00e9publique du Cameroun pour les usages officiels, est un pays d&rsquo;Afrique centrale et occidentale, situ\u00e9 entre le Nigeria, le Tchad, la R\u00e9publique centrafricaine, le Gabon, la Guin\u00e9e \u00e9quatoriale, la R\u00e9publique du Congo et le golfe de Guin\u00e9e.<\/em><\/p>\n\n\n\n<p><\/p>\n\n\n\n<h1 class=\"wp-block-heading\"><a>LE CAMEROUN AVANT LA COLONISATION<\/a><\/h1>\n\n\n\n<h2 class=\"wp-block-heading\"><a><\/a>I. La traite des noirs<\/h2>\n\n\n\n<h3 class=\"wp-block-heading\"><a><\/a>Qu\u2019est ce que c\u2019\u00e9tait et comment fonctionnait-elle ?<\/h3>\n\n\n\n<p>La traite des noirs est le commerce des esclaves noirs. Ce commerce honteux a commenc\u00e9 au XVe si\u00e8cle en Afrique et a dur\u00e9 pr\u00e8s de 400 ans.<br>Il a pris une grande importance apr\u00e8s la d\u00e9couverte de l\u2019Am\u00e9rique puisqu\u2019il fallait les ouvriers pour travailler dans les plantations en Am\u00e9rique&nbsp;; et les espagnols, les portugais, les anglais, les fran\u00e7ais, et les hollandais venaient donc les chercher sur les c\u00f4tes africaines.<\/p>\n\n\n\n<p>Des navires appel\u00e9s n\u00e9griers&nbsp;<img decoding=\"async\" width=\"200\" alt=\"navires n\u00e9griers\" src=\"http:\/\/www.camfaith.org\/images\/img_cameroun\/1_negrier.jpg\">en provenance de l\u2019Europe venaient transporter les esclaves achet\u00e9s ou troqu\u00e9s sur les c\u00f4tes africaines avec des choses de peu de valeur \u00e0 l\u2019exemple du sel, du cuivre, du vin etc. pour les transporter<br><img decoding=\"async\" width=\"200\" alt=\"Esclaves dans un navire n\u00e9griers\" src=\"http:\/\/www.camfaith.org\/images\/img_cameroun\/18_esclaves.jpg\">en Am\u00e9rique, avant de revenir en Europe&nbsp;; c\u2019est ce qu\u2019on a appel\u00e9 le commerce triangulaire.<\/p>\n\n\n\n<p>Au Cameroun, la traite a eu lieu dans les villages de la c\u00f4te actuelle de victoria, les villages de l\u2019estuaire du Wouri, Douala et Bonab\u00e9ri mais, s\u2019est beaucoup pratiqu\u00e9e autour de l\u2019estuaire du Wouri.<br>Le prix d\u2019achat d\u2019un esclave n\u2019\u00e9tait pas fixe&nbsp;; pour 8 ou 10 bracelets de cuivre, on pouvait avoir un esclave&nbsp;; on retrouve encore des sp\u00e9cimens de ces bracelets appel\u00e9s \u00ab&nbsp;manilhas&nbsp;\u00bb au mus\u00e9e camerounais de Douala.<br>Au XVIIe si\u00e8cle, un esclave co\u00fbtait deux ou trois mesures de vin d\u2019Espagne ou deux poign\u00e9es de cauris. A la fin du XVIIIe si\u00e8cle, on utilisait plus comme monnaie d\u2019\u00e9change, les \u00e9toffes, le sel, l\u2019alcool, les armes.<br>En g\u00e9n\u00e9ral, les esclaves de la rive camerounaise \u00e9taient achet\u00e9s \u00e0 bas prix parce qu\u2019ils pr\u00e9f\u00e9raient se donner eux m\u00eame la mort au lieu d\u2019accepter la servitude.<img decoding=\"async\" width=\"\" alt=\"Commerce triangulaire\" src=\"http:\/\/www.camfaith.org\/images\/img_cameroun\/2_com_tri.jpg\"><br>Il est difficile de se faire une id\u00e9e pr\u00e9cise du nombre d\u2019esclaves vendus sur les c\u00f4tes camerounaises n\u00e9anmoins, au XVIe si\u00e8cle, on pense que les portugais prenaient environ 500 esclaves par ans.<br>Tout laisse croire que notre cher pays a souffert terriblement de ce trafic honteux qui a ravag\u00e9 toute l\u2019Afrique.<\/p>\n\n\n\n<h3 class=\"wp-block-heading\"><a><\/a>L\u2019abolition<\/h3>\n\n\n\n<p>M\u00eame si ce trafic honteux n\u2019\u00e9chappait pas au contr\u00f4le des chefs camerounais, aucun document explicite ne nous montre leur implication personnelle en rapport avec les europ\u00e9ens. Puisque ce commerce \u00e9tait pour ces derniers une source importante de revenus, cela n\u2019a pas \u00e9t\u00e9 facile de parler d\u2019abolition&nbsp;; il leur a fallu la promesse d\u2019une indemnit\u00e9 pour qu\u2019ils acceptent de l\u2019interdire.<br>C\u2019est surtout l\u2019Angleterre qui a organis\u00e9 la lutte contre la traite des esclaves sur le Golfe de Guin\u00e9e et en particulier sur la c\u00f4te du Cameroun.<br>En 1827, les anglais s\u2019installent \u00e0 Fernando-Poo o\u00f9 ils fondent une colonie sous la conduite du capitain Owens&nbsp;; pour lutter efficacement contre la traite, ils vont imposer sa suppression aux chefs de la c\u00f4te du Cameroun en signant avec eux des trait\u00e9s \u00e0 savoir&nbsp;:<\/p>\n\n\n\n<ul class=\"wp-block-list\">\n<li>le trait\u00e9 du 10 Juin 1840<\/li>\n<\/ul>\n\n\n\n<p>ce trait\u00e9 stipule que les rois Akwa et Bell acceptent ne plus consentir ou permettre \u00e0 leur peuple de faire la traite des esclaves&nbsp;; et m\u00eame s\u2019ils voient un bateau n\u00e9grier arriver dans le fleuve, ils en informeront un des croiseurs du gouvernement anglais se trouvant dans le voisinage \u00e0 condition que ce gouvernement leur donne annuellement le \u00ab&nbsp;dash&nbsp;\u00bb&nbsp;; le dash \u00e9tait constitu\u00e9 de 60 fusils, 100 pi\u00e8ces de toile, 2 barils de poudre, 2 tonneaux de rhum, 1 uniforme \u00e9carlate avec \u00e9paulette, 1 sabre. Ce trait\u00e9 fut sign\u00e9 par king Akwa, king Bell et les t\u00e9moins anglais.<\/p>\n\n\n\n<ul class=\"wp-block-list\">\n<li>le trait\u00e9 du 7 Mai 1841<\/li>\n<\/ul>\n\n\n\n<p>Ce second trait\u00e9 est sign\u00e9 dans le m\u00eame but entre William Simpson&nbsp; Blount qui commandait le vaisseau anglais \u00ab&nbsp;pluto&nbsp;\u00bb et le roi Bell de Bell\u2019s Town&nbsp;; malgr\u00e9 ces deux trait\u00e9s, la traite des esclaves continue clandestinement.<\/p>\n\n\n\n<ul class=\"wp-block-list\">\n<li>Le trait\u00e9 du 29 Avril 1852<\/li>\n<\/ul>\n\n\n\n<p>Ce trait\u00e9 reste le plus important de tous puisqu\u2019il aborde plusieurs questions \u00e0 la fois&nbsp;: abolition de la traite, interdiction des sacrifices humains, libert\u00e9 religieuse, protection des missionnaires, cr\u00e9ation d\u2019un cimeti\u00e8re chr\u00e9tien&nbsp;; ce trait\u00e9 est sign\u00e9 entre le consul anglais John Beecroft repr\u00e9sentant du gouvernement britannique. Peu \u00e0 peu, la traite des esclaves cesse mais non l\u2019esclavage&nbsp;; en effet, l\u2019esclavage existait avant la traite des esclaves puisqu\u2019on distinguait les hommes libres, les serviteurs au service des hommes libres, les esclaves qui n\u2019avaient aucun droit&nbsp;; malheureusement, la femme avait une condition inf\u00e9rieure, on la consid\u00e9rait comme un objet d\u2019\u00e9change, une source ou un signe de richesse&nbsp;; c\u2019est sous la colonisation allemande et fran\u00e7aise, que des mesures ont \u00e9t\u00e9 prises pour supprimer l\u2019esclavage de l\u2019homme et am\u00e9liorer la condition de la femme.<\/p>\n\n\n\n<h2 class=\"wp-block-heading\"><a><\/a>II. L\u2019\u0152UVRE DES ANGLAIS AU CAMEROUN<\/h2>\n\n\n\n<p>Dans cette p\u00e9riode, les anglais ont beaucoup \u0153uvr\u00e9 sur les c\u00f4tes camerounaises. En 1849, le consul John Beecroft r\u00e8gle un probl\u00e8me entre les populations et les commer\u00e7ants anglais. En 1850, il pr\u00e9side une importante conf\u00e9rence qui aboutit au trait\u00e9 du 17 D\u00e9cembre 1850&nbsp;; ce trait\u00e9 est une v\u00e9ritable charte qui organise le commerce, le trafic du port, le p\u00e9age, la police de la ville. Il ach\u00e8vera son \u0153uvre avec le trait\u00e9 de 1852.<\/p>\n\n\n\n<p>On peut ainsi r\u00e9sumer l\u2019\u0153uvre anglaise sur la c\u00f4te camerounaise&nbsp;:<\/p>\n\n\n\n<ul class=\"wp-block-list\">\n<li>abolition de la traite des esclaves par les trait\u00e9s et la lutte contre les bateaux n\u00e9griers;<\/li>\n\n\n\n<li>abolition des coutumes barbares, notamment l\u2019ex\u00e9cution des prisonniers de guerre;<\/li>\n\n\n\n<li>d\u00e9veloppement du commerce;<\/li>\n\n\n\n<li>intervention anglaise dans la politique locale&nbsp;;<br>c\u2019est le consul John Beecroft qui pr\u00e9side l\u2019\u00e9lection du nouveau chef d\u2019Akwa en 1852&nbsp;; le 14 Janvier1856, est cr\u00e9e la cour d\u2019\u00e9quit\u00e9 de Douala qui est un tribunal de commerce r\u00e9glementant tous les cas possibles de conflits entre les navires anglais et la population de Douala.<\/li>\n\n\n\n<li>l\u2019\u0153uvre grandiose des missionnaires.<\/li>\n<\/ul>\n\n\n\n<h3 class=\"wp-block-heading\"><a><\/a>LA REGION COTIERE CAMEROUNAISE<\/h3>\n\n\n\n<p>Nous avons d\u00e9j\u00e0&nbsp; parl\u00e9 de la r\u00e9gion c\u00f4ti\u00e8re pendant la traite des esclaves, maintenant, nous allons parler de Douala et des Bakweri.<\/p>\n\n\n\n<p>Douala<br>La ville de Douala, sur la rive gauche du fleuve wouri \u00e9tait divis\u00e9 en deux quartiers&nbsp;: Bell-town (la ville de Bell) et Akwa-town (la ville d\u2019Akwa)&nbsp;; il y avait aussi des villages de De\u00efdo et de Long Tom.<br>Sur la rive droite du fleuve, le village Hiccory (l\u2019actuel Bonab\u00e9ri) avait pour chef un certain Preese Belle (Priso Bell).<br>En bref, vers 1472, les Portugais qui r\u00e9sident \u00e0 Malabo aper\u00e7oivent le Mont Cameroun. Voulant l\u2019atteindre, ils p\u00e9n\u00e8trent dans l\u2019estuaire du Wouri o\u00f9 ils trouvent beaucoup de crevettes. Ils appellent le Wouri \u00ab&nbsp;RIO DOS CAMAROES&nbsp;\u00bb ce qui signifie \u00ab<em>&nbsp;rivi\u00e8re des crevettes<\/em>&nbsp;\u00bb. Le Cameroun passant sous la d\u00e9pendance espagnole, et Rio dos Camaroes devient \u00ab&nbsp;RIO DOS CAMARONES&nbsp;\u00bb.<br>Cameroun&nbsp;vient donc de&nbsp;Camarones&nbsp;mais, ce nom fut d\u2019abord donn\u00e9 \u00e0 la ville de Douala avant de d\u00e9signer tout le pays \u00e0 partir du 1er janvier 1901.<\/p>\n\n\n\n<p>Les douala sont un groupe de la grande famille Bantou qui peuple l\u2019Afrique centrale.<br>A l\u2019origine, ils habitaient Pitti, sur la Dibamba. Ils seraient venus s\u2019installer sur les bords du wouri en 1706.<br>Ils formaient un clan descendant d\u2019un anc\u00eatre appel\u00e9 Mb\u00e9di&nbsp;; ils n\u2019avaient alors qu\u2019un seul chef. Mais par la suite, le clan se divisa en deux familles&nbsp;: la famille Akwa et la famille Bell&nbsp;; ce sont eux qui signeront les trait\u00e9s avec les europ\u00e9ens.<br>Sur le plan religieux, les douala sont supersticieux. Ils s\u2019adonnent au culte des \u00ab&nbsp;Miengu&nbsp;\u00bb ou g\u00e9nie du fleuve&nbsp;; mais ils croient en l\u2019existence d\u2019un Dieu cr\u00e9ateur appel\u00e9 \u00ab&nbsp;Nyambe&nbsp;\u00bb.<\/p>\n\n\n\n<p>Sur la rive droite, deux tribus ont jou\u00e9 un r\u00f4le analogue \u00e0 celui des douala&nbsp;: les Bakweri et les Isubu.<\/p>\n\n\n\n<p>Selon certains, les Bakweris seraient les descendants de Mbongo, qui est aussi l\u2019anc\u00eatre lointain des douala&nbsp;; ils se seraient \u00e9tablis dans la r\u00e9gion c\u00f4ti\u00e8re du mont Cameroun aux environ de 1750.<\/p>\n\n\n\n<p>Quant aux Isubu, ils descendent d\u2019Isuwula-Monanga&nbsp;; c\u2019est \u00e0 un de leurs chefs, Mbimbi-A-Mbela, qu\u2019on doit le nom de la localit\u00e9 de Bimbia.<br>L\u2019\u00eele de Fernando-Poo, au large de la c\u00f4te camerounaise fut d\u00e9couverte en 1472 par un navigateur portugais du nom de Fern\u00e2o Do Poo.<br>Des colons portugais venus de San Thom\u00e9 l\u2019occup\u00e8rent au d\u00e9but du XVIII \u00e8me si\u00e8cle avant de l\u2019abandonner aux espagnols en 1777.<\/p>\n\n\n\n<h3 class=\"wp-block-heading\"><a><\/a>L\u2019origine de quelques villes du Cameroun avant la colonisation<\/h3>\n\n\n\n<p>Dans le Nord-Cameroun, on retrouve le peuple Kotoko, le Mandara, les Foulb\u00e9s<\/p>\n\n\n\n<ul class=\"wp-block-list\">\n<li>Le pays Kotoko<\/li>\n<\/ul>\n\n\n\n<p>Il est situ\u00e9 \u00e0 cheval sur la fronti\u00e8re du Tchad et du Cameroun, on peut encore dire qu\u2019il est compris entre le Baguirmi et le Kanem.<br>Du nord au sud, il comprend de nombreux petits royaumes&nbsp;: Missen\u00e9, Ngala, Makari, Afad\u00e9, Maffat\u00e9, Goulf\u00e9i, Mara, Kousseri, Tillam, Sanga\u00efa et plus au Sud, Logone-Birmi. Chacune de ces cit\u00e9s a son petit roi, mais tous d\u00e9pendent des royaumes les plus puissants \u00e0 savoir le Baguirmi et le Bornou. Les Kotoko se reclamaient tous d\u2019avoir pour anc\u00eatre les SAO.<\/p>\n\n\n\n<ul class=\"wp-block-list\">\n<li>Le Mandara<\/li>\n<\/ul>\n\n\n\n<p>Le Mandara ancien affecte la forme d\u2019un parall\u00e9logramme. A cheval sur les deux zones autrefois fran\u00e7aises et anglaises, il englobe le Nord-Cameroun oriental \u00e0 l\u2019ouest de l\u2019ancien royaume Logone-Birmi.<br>Vers 1715, les missionnaires musulmans arrivent dans le pays, ce qui pousse les habitants \u00e0 se convertir \u00e0 l\u2019islam. Jusqu\u2019\u00e0 la fin du XIXe si\u00e8cle, les rois du Mandara doivent lutter sans cesse contre l\u2019empire du Bornou et r\u00e9sister contre l\u2019invasion Foulb\u00e9.<br>Le Mandara fut \u00e0 son apog\u00e9e sous le r\u00e8gne du roi Boukar Guiama. (1773-1828)<\/p>\n\n\n\n<ul class=\"wp-block-list\">\n<li>Les Foulb\u00e9s<\/li>\n<\/ul>\n\n\n\n<p>Les Foulb\u00e9s (ou peuls) ont une origine assez obscure. Une l\u00e9gende de l\u2019Adamaoua dit qu\u2019il y\u2019avait un certain UKBA, compagnon d\u2019Omar, qui fut envoy\u00e9 par Mohamed pour pr\u00eacher l\u2019Islam dans le Royaume du Mali&nbsp;; Il se maria \u00e0 une princesse, fille du Roi Badiumanga. Ils eurent 04 (quatre) Fils&nbsp;: Ukba partit en p\u00e8lerinage \u00e0 la Mecque, confia son \u00e9pouse \u00e0 un affranchi mais comme il tardait \u00e0 revenir, cet affranchi \u00e9pousa sa femme et ils eurent 05 (cinq) enfants. Les enfants d\u2019Ukba furent les anc\u00eatres des foulb\u00e9s de pur sang, ceux de l\u2019affranchi, les anc\u00eatres des foulb\u00e9 b\u00e2tards.<br>Les Maliens n\u2019ayant pas accept\u00e9 cette infid\u00e9lit\u00e9, chass\u00e8rent la nouvelle famille qui fut \u00e9migr\u00e9e. Deux des enfants, Vaja et Rendi au bout d\u2019un long voyage s\u2019\u00e9tablirent dans l\u2019Adamaoua. Ils furent les anc\u00eatres des foulb\u00e9s Vollarb\u00e9 de Ngaound\u00e9r\u00e9 et des Foulb\u00e9 Illaga de Rey.<\/p>\n\n\n\n<p>NB&nbsp;:&nbsp;Notons que les Foulb\u00e9s sont un peuple de Pasteurs. Ce peuple de Pasteurs s\u2019est d\u00e9plac\u00e9 pendant des si\u00e8cles dans toute l\u2019Afrique Occidentale jusqu\u2019\u00e0 notre Adamaoua.<br>Leur \u00e9volution est simple.<\/p>\n\n\n\n<p>14\u00e8me&nbsp;si\u00e8cle&nbsp;:&nbsp;Les Foulb\u00e9s fondent en Afrique Occidentale, dans la R\u00e9gion du Nord, le Fouta-King.<\/p>\n\n\n\n<p>15\u00e8me si\u00e8cle&nbsp;:&nbsp;Ils fondent le Masina, \u00e9tat vassal du Mali, puis du Songhai, \u00e0 la fin du 15e Si\u00e8cle. Ils continuent leur avanc\u00e9e vers le Sud et atteignent le Pays Haoussa.<\/p>\n\n\n\n<p>16\u00e8me Si\u00e8cle&nbsp;:&nbsp;ils arrivent et s\u2019\u00e9tablissent dans le Bornou.<\/p>\n\n\n\n<p>17\u00e8me si\u00e8cle&nbsp;:&nbsp;Dans le L\u2019Ouest, les foulb\u00e9s partis du Masina, occupent le Pays du fouta, en Guin\u00e9e, et au d\u00e9but du 18\u00e8me si\u00e8cle, ils se r\u00e9pandent dans le pays Massi.<\/p>\n\n\n\n<p>18\u00e8me&nbsp;si\u00e8cle&nbsp;:&nbsp;Ils se r\u00e9pandent dans l\u2019Adamaoua, se soumettent aux chefs locaux qui eux sont des pa\u00efens, et quand ils sont assez nombreux, ils se regroupent et forment les premiers Lamidats&nbsp;; On pourra dont avoir peu-\u00e0-peu le lamidat de Garoua, de Rey, de bindir.<\/p>\n\n\n\n<p>Notons que les foulb\u00e9s ont une expansion rapide avec des m\u00e9thodes tr\u00e8s strat\u00e9giques ils arrivent par petits groupes, tr\u00e8s pacifiques d\u2019abord, ils recherchent les p\u00e2turages pour leurs troupeaux, ils se montrent tr\u00e8s simples et ils se soumettent sans difficult\u00e9s aux Chefs locaux&nbsp; allant jusqu\u2019\u00e0 travailler pour eux. Puis devenus nombreux, ils se soul\u00e8vent d\u00e9tr\u00f4nent le Chef local ou alors vont fonder ailleurs un \u00e9tat ind\u00e9pendant.<\/p>\n\n\n\n<ul class=\"wp-block-list\">\n<li>Adamaoua<\/li>\n<\/ul>\n\n\n\n<p>La guerre sainte pr\u00each\u00e9e par Othman Dan Fodio fut entendue par les Chefs Peuls du Fombina (R\u00e9gion du Nord- Cameroun) ceux-ci demand\u00e8rent \u00e0 Othman de leur donner l\u2019\u00e9tendard de la guerre sainte pour organiser le Pays&nbsp;: Othman choisit Adama en 1806.<\/p>\n\n\n\n<p>Adama \u00e9tait le fils d\u2019un lettr\u00e9 nomm\u00e9 Hassana, de la Famille des B\u00e2 \u00e9tablie \u00e0 Gourin, sur le Faro. Il fit de bonnes \u00e9tudes au Bornou. Revenu au pays il fut appel\u00e9 \u00ab\u00a0Madibo\u00a0\u00bb ce qui veut dire Docteur en sciences Islamiques, il \u00e9tait un mystique fervent.<br>Il fut le chef de Gourin, au Sud du Boudang. Lorsqu\u2019il re\u00e7ut de la main d\u2019Othman l\u2019\u00e9tendard de la guerre sainte, Adama devient Emir c&rsquo;est-\u00e0-dire, Chef militaire, Politique et Religieux des croyants. Ainsi il re\u00e7ut la mission de mener la guerre sainte et les Chefs locaux devaient se soumettre \u00e0 lui.<\/p>\n\n\n\n<p>Adama se fixa \u00e0 Yola&nbsp;:&nbsp;les Pays soumis \u00e0 son influence \u00e9pous\u00e8rent le nom d\u2019Adamaoua.<\/p>\n\n\n\n<ul class=\"wp-block-list\">\n<li>Les Bamoun<\/li>\n<\/ul>\n\n\n\n<p>Leur fondateur se nomme MSNARE, fils d\u2019un chef Tikar \u00e9tabli sur la rive gauche du Mbam.<br>Au 17\u00e8me si\u00e8cle pour des raisons que nous ignorons, Nshare quitte sa tribu avec une poign\u00e9e de personnes qui lui \u00e9taient soumis, il part \u00e0 la recherche de nouvelles terres, il part vers le Sud franchit le Mbam et trouve les Bamil\u00e9k\u00e9 et les Tikar install\u00e9s. Il les repousse il s\u2019installe d\u2019abord \u00e0 Nji-Mom, au Pays&nbsp; des Pa-Mbam, \u00e0 20 km au Nord de Foumban. Il soumet 18 Chefs et se fait proclamer Roi de Pa-Mbam.<br>De Pa-Mbam viendra le nom Bamoun donn\u00e9 \u00e0 son peuple.<\/p>\n\n\n\n<p>Etant un homme de guerre, il continue ses conqu\u00eates et se fixe d\u00e9finitivement \u00e0 Mfom-Ben qui deviendra sa Capitale sous le nom de Foumban, sur le plan politique et Social ils sont tr\u00e8s organis\u00e9s comme chez les Bamilik\u00e9 le pouvoir absolu est entre les mains du Roi appel\u00e9 \u00ab\u00a0Mfou\u00a0\u00bb en Bamoun&nbsp;; Apr\u00e8s l\u2019islamisation des Bamoun, sous le r\u00e8gne de Njoya. Ce dernier prendra le nom de sultan, le roi Bamoun jouit d\u2019un prestige divin et repr\u00e9sente la puissance des anc\u00eatres, tout pr\u00e8s de lui la reine m\u00e8re joue le m\u00eame r\u00f4le que chez les Bamil\u00e9k\u00e9.<br>Le Roi est entour\u00e9 d\u2019un conseil form\u00e9 par les trois \u00ab\u00a0Tita-Mfon\u00a0\u00bb ou p\u00e8res du Roi. C\u2019est ce conseil qui prend avec lui les d\u00e9cisions importantes&nbsp;; elles sont annonc\u00e9s au peuple par le \u00ab\u00a0Tita-Ngu\u00a0\u00bb ou p\u00e8re du Pays&nbsp;; par apr\u00e8s, suivent les Dji, membres de la Famille royale et de Famille Nobles, ensuite les officiers de la cour. En dehors de ce pouvoir central, le roi a des repr\u00e9sentants dans les villages qui lui sont soumis, ce sont les Mfo-Yome charg\u00e9s d\u2019assurer la liaison entre le Roi et le Chef qui d\u00e9pendent de lui. La Capitale elle-m\u00eame \u00e9tait divis\u00e9e en 8 (huit) quartiers&nbsp;; chaque quartier avait un chef assist\u00e9 d\u2019un adjoint.<br>Les Bamouns sont&nbsp; un peuple d\u2019artistes sp\u00e9cialis\u00e9s dans la sculpture des masques, des statuettes de bronze, font des compositions d\u2019une rare perfection&nbsp;; le Palais Royal construit par le Sultan Njoya en est un t\u00e9moignage vivant.<\/p>\n\n\n\n<ul class=\"wp-block-list\">\n<li>Les Bantou<\/li>\n<\/ul>\n\n\n\n<p>Les Bantous sont des peuples n\u00e9gro-africains qui se retrouvent un peu partout en Afrique, jusqu\u2019en Afrique du Sud.<\/p>\n\n\n\n<p>Le Sud, le Centre du Cameroun sont peupl\u00e9s de Bantou qui sont arriv\u00e9s par vagues successives. La 1er vague appel\u00e9 invasion du Sud, les Maka, les Ndjem, les douala et les peuples qui leurs sont apparent\u00e9s.<br>La 2\u00e8me invasion est constitu\u00e9e essentiellement de Fang et Betis. Bantou est le pluriel de Muntu et signifie Homme&nbsp;; l\u2019Histoire des Bantou est marqu\u00e9e par 2 chefs traditionnels \u00e0 savoir&nbsp;:<\/p>\n\n\n\n<p>Martin paul Samba&nbsp;:&nbsp;N\u00e9 vers 1870 pr\u00e8s du village de Biba, dans l\u2019arrondissement d\u2019Ebolowa&nbsp;; peu apr\u00e8s sa naissance, sa famille \u00e9migre vers la c\u00f4te et s\u2019installe au village d\u2019Akok, dans l\u2019Arrondissement de Kribi.&nbsp;<img decoding=\"async\" width=\"\" alt=\"Martin Paul Samba\" src=\"http:\/\/www.camfaith.org\/images\/img_cameroun\/3_paul_samba.jpg\">En 1889, de passage \u00e0 Kribi un allemand Von Curt Morgen prend \u00e0 son service Martin et embarque avec lui d\u2019abord pour Bu\u00e9a, ensuite pour l\u2019Allemagne. L\u00e0, Samba \u00e9tudie pendant 3 ans dans une \u00e9cole allemande, puis pendant 3 ans encore, il fait des \u00e9tudes d\u2019Officier dans l\u2019arm\u00e9e imp\u00e9riale, il en sort avec le grade de Lieutenant. Il est au service de l\u2019empereur Guillaume II et pendant son s\u00e9jour, il obtient le grade de Capitaine (Hauptmann).<\/p>\n\n\n\n<p>En 1895, le Capitaine revient au Cameroun avec la promesse de l\u2019empereur, selon les vieux notables de l\u2019\u00e9poque de devenir gouverneur du Cameroun \u00e0 la place du Gouverneur allemand Von Putt Kamer. Trahi par ses compagnons de voyage, Samba perdit toutes les lettres qui le nommaient \u00e0 ce poste au cours du voyage, ce qui fit \u00e0 ce que le gouverneur allemand ne lui donne pas sa place&nbsp;<em>(NB<\/em><em>&nbsp;: Ceci fait tant de l\u00e9gende et n\u2019\u00e0 pas \u00e9t\u00e9 v\u00e9rifi\u00e9)<\/em><\/p>\n\n\n\n<p>Entre 1880 et 1910, lorsque les tribus au Cameroun se soul\u00e8vent en plusieurs points du pays, samba prend part comme Officier de l\u2019arm\u00e9e allemande \u00e0 la pacification du pays. Partant de l\u2019Ouest o\u00f9 il cr\u00e9e dit-on, la ville de Nkongsamba qui pourrait signifier \u00ab\u00a0la ville de Samba\u00a0\u00bb ou \u00ab&nbsp;la ville aux sept collines&nbsp;\u00bb il n\u2019est pas prouv\u00e9 que Samba soit venu \u00e0 Nkongsamba&nbsp; mais l\u2019opinion de tout temps lui a attribu\u00e9 la fondation de cette ville. Samba parcourt le Pays Jusqu\u2019en 1920.<\/p>\n\n\n\n<p>Samba quitte l\u2019arm\u00e9e Allemande et s\u2019installe \u00e0 Ebolowa avec la r\u00e9solution de chasser les allemand du Cameroun&nbsp;; avec la collaboration de&nbsp;Rudolph Douala Mange Bell&nbsp;Chef sup\u00e9rieur de Douala,&nbsp;Madola&nbsp;chef \u00e0 Kribi,&nbsp;Edande Mbita&nbsp;Chef du village Adjap (30 km de kribi) il organise la r\u00e9volte.<br>Des armes command\u00e9es en Europes sont entrepos\u00e9es \u00e0 Adjap chez Edand\u00e9 en secret, Samba entraine les jeunes Boulou. le 03 Ao\u00fbt 1914, lorsque la France entre en guerre contre l\u2019Allemagne, samba envoie un message au gouverneur de Brazzaville lui faisant part de son intention d\u2019attaquer l\u2019arm\u00e9e allemande au Cameroun. Malheureusement, cette lettre tomba entre les mains du Chef de r\u00e9gion allemand Von Hagen qui r\u00e9sidait \u00e0 Ebolowa. Ce dernier fit arr\u00eater imm\u00e9diatement Samba.<br>37 jours apr\u00e8s son arrestation il fut fusill\u00e9 devant la prison d\u2019ebolowa le 08 Ao\u00fbt 1914. Avant de mourir sur le poteau d\u2019ex\u00e9cution il cria&nbsp;\u00ab\u00a0vous n\u2019aurez pas le Cameroun\u00a0\u00bb.<\/p>\n\n\n\n<p>Le m\u00eame jour Rudolph Douala manga \u00e9tait pendu \u00e0 Douala, Madola et Edand\u00e9 \u00e0 Kribi.<\/p>\n\n\n\n<p>Samba est entr\u00e9 dans la l\u00e9gende de son vivant et un r\u00e9cit r\u00e9p\u00e9t\u00e9 de bouche en bouche l\u2019aurait rendu h\u00e9ros avant sa mort. Selon ce recit, il se pourrait que Samba aurait refus\u00e9 d\u2019avoir les yeux band\u00e9s le jour de son ex\u00e9cution il aurait march\u00e9 de lui-m\u00eame pour le lieu o\u00f9 il devait \u00eatre ex\u00e9cut\u00e9 car il n\u2019avait pas peur de mourir. Debout, il attendit le signal&nbsp;; le commandant cria \u00ab\u00a0Feu\u00a0\u00bb \u00e0 ce moment Samba aurait tir\u00e9 de sa poche un mouchoir qu\u2019il agita et les balles pass\u00e8rent en sifflotant autour de lui, aucune ne le toucha. Le Commandant ordonna au 1er soldat de tirer, le coup partit le mouchoir s\u2019agita et les balles s\u2019envol\u00e8rent en sifflant&nbsp;; il en fut de m\u00eame pour le second, bref, tous auraient tir\u00e9, mais, Samba restait toujours debout et souriant.<br>Soudain, il plia le mouchoir et dit je n\u2019ai pas peur de la mort, vous pouvez tirez maintenant, les fusils cr\u00e9pit\u00e8rent et Samba s\u2019\u00e9croula&nbsp;; il \u00e9tait mort.<\/p>\n\n\n\n<p>Charles Atangana&nbsp;:&nbsp;de son vrai nom Charles Atangana-Ntasama, il est n\u00e9 vers 1885 \u00e0 Mvoly\u00e9 son p\u00e8re s\u2019appelait Atangana Essomba.<img decoding=\"async\" width=\"\" alt=\"Charles Atangana\" src=\"http:\/\/www.camfaith.org\/images\/img_cameroun\/4_char_atang.jpg\"><br>En 1896 son Oncle le confia, lui-m\u00eame et ses fr\u00e8res au major Dominik. Il accompagne celui-ci \u00e0 kribi o\u00f9 il fait ses \u00e9tudes primaires en Allemand&nbsp;; Il sera ensuite employ\u00e9 successivement comme ma\u00eetre d\u2019\u00e9cole, infirmier, interpr\u00e8te d\u2019abord \u00e0 Bu\u00e9a puis \u00e0 Yaound\u00e9 il fut l\u2019un des premiers Chr\u00e9tiens de Yaound\u00e9, encouragea l\u2019\u00e9vang\u00e9lisation et offra un terrain \u00e0 Mvoly\u00e9 aux Missionnaires Catholiques&nbsp;; il interc\u00e9da en faveur de certains chefs locaux menac\u00e9s d\u2019ex\u00e9cution comme Nnanga-Eboko et Zoa Mbede.<\/p>\n\n\n\n<p>En 1911 Monsieur Kirschof, haut fonctionnaire de l\u2019Administration coloniale allemande l\u2019emm\u00e8ne en Allemagne, c\u2019est pour lui l\u2019occasion de mieux apprendre la civilisation Europ\u00e9enne. il est re\u00e7u par Kaiser et est retenu \u00e0 Hambourg pour enseigner la langue Ewondo aux Blancs&nbsp;; il se rend \u00e0 Rome o\u00f9 il est re\u00e7u par le pape PIE X. A son retour au Cameroun en 1911, il est nomm\u00e9 chef sup\u00e9rieur des Ewondo et des Bene&nbsp;; apr\u00e8s la d\u00e9faite des Allemands lors de la 1er guerre mondiale, les allemands se replient vers le Sud et trouve un refuge en Guin\u00e9e Espagnole, l\u2019arm\u00e9e allemande entraine avec elle plusieurs chefs et Notables Camerounais qui leur sont fid\u00e8les et Charles en fait partie.<br>Charles regagne le Cameroun en 1919 apr\u00e8s que le trait\u00e9 de paix ait \u00e9t\u00e9 sign\u00e9. La nouvelle Administration Fran\u00e7aise l\u2019assigna \u00e0 r\u00e9sidence \u00e0 Dschang.<br>En 1921 il est reconnu chef sup\u00e9rieur des Ewondo et s\u2019adapte vite au nouveau r\u00e9gime et leur donne satisfaction.<\/p>\n\n\n\n<p>Charles Atangana \u0153uvra beaucoup au Cameroun comme m\u00e9diateur, homme pacifique, il aida le Docteur Jamot dans la lutte contre la maladie du sommeil, il participe aux travaux pour l\u2019ach\u00e8vement du chemin de fer de Douala-Yaound\u00e9&nbsp;; il meurt \u00e0 Yaound\u00e9 \u00e0 l\u2019\u00e2ge de 60 ans environ, le 1er Septembre 1943 \u00e0 Mvoly\u00e9.<\/p>\n\n\n\n<ul class=\"wp-block-list\">\n<li>Les BAMILEKE<\/li>\n<\/ul>\n\n\n\n<p>Les Bamil\u00e9k\u00e9 sont descendants baladis partis de l&rsquo;\u00c9gypte m\u00e9di\u00e9vale au IXe&nbsp;si\u00e8cle de notre \u00e8re. Ils arriveront en r\u00e9gion tikar vers le milieu du XIIe&nbsp;si\u00e8cle avant de se diviser vers 1360 \u00e0 la mort de leur dernier souverain unique: le roi Nd\u00e9h.<\/p>\n\n\n\n<p>Yend\u00e9, premier prince, refusa le tr\u00f4ne et alla traverser le Noun pour fonder Bafoussam. Sa s\u0153ur ira vers la r\u00e9gion de Banso (il existe pr\u00e8s d&rsquo;une trentaine de villages bamil\u00e9k\u00e9 dans le Nord-Ouest anglophone).<\/p>\n\n\n\n<p>Deux d\u00e9cennies plus tard, Nchar\u00e9, le cadet, descendra dans la plaine du Noun pour fonder le pays bamoun. De Bafoussam na\u00eetront quasiment tous les autres groupements bamil\u00e9k\u00e9 entre le XVe&nbsp;si\u00e8cle et le XXe&nbsp;si\u00e8cle (Bansoa est n\u00e9 en 1910 \u00e0 la suite de l&rsquo;exil forc\u00e9 de Fo Taghe de Bafoussam).<br>Les Bamil\u00e9k\u00e9 parlaient une langue unique, le bamil\u00e9k\u00e9, jusqu&rsquo;\u00e0 leur d\u00e9membrement au milieu du XIVe si\u00e8cle, \u00e0 la mort de leur souverain.<\/p>\n\n\n\n<p>Du bamil\u00e9k\u00e9 na\u00eetront le bamil\u00e9k\u00e9-bafoussam et le bamoun.<br>Le bamoun se ramifiera en une vingtaine de sous-variantes dialectales avant de se voir unifi\u00e9 par le sultan Njoya au d\u00e9but du XXe si\u00e8cle. Pour sa part, le bamil\u00e9k\u00e9-bafoussam continuera \u00e0 se ramifier pour donner naissance, au fil des si\u00e8cles, \u00e0 de dizaines de variantes dialectales, elles-m\u00eames poss\u00e9dant de sous-variantes plus ou moins n\u00e9gligeables.<br>Le bamil\u00e9k\u00e9-bafoussam est donc la langue-m\u00e8re des autres dialectes bamil\u00e9k\u00e9, hormis le bamoun.<br>Il existe cinq sous-groupes dialectaux bamil\u00e9k\u00e9:<\/p>\n\n\n\n<ul class=\"wp-block-list\">\n<li>le gham&rsquo;a-lah (grande Mifi);<\/li>\n\n\n\n<li>le medumba (d\u00e9partement du Nd\u00e9);<\/li>\n\n\n\n<li>le f\u00e8-f\u00e8\u00e8 (Haut-Nkam);<\/li>\n\n\n\n<li>le yemba (Menoua);<\/li>\n\n\n\n<li>et le ngombaa (Bamboutos).<\/li>\n<\/ul>\n\n\n\n<h1 class=\"wp-block-heading\"><a><\/a>LA PERIODE COLONIALE (1880-1914)<\/h1>\n\n\n\n<p>La p\u00e9riode Coloniale au Cameroun commence par les explorateurs, les allemands ont ouvert la voie dans la p\u00e9n\u00e9tration europ\u00e9enne au Nord-Cameroun par leurs explorateurs notamment Bath et Nachtigal.<\/p>\n\n\n\n<p>Henri Barth&nbsp;:&nbsp;<img decoding=\"async\" width=\"\" alt=\"Henri Barth\" src=\"http:\/\/www.camfaith.org\/images\/img_cameroun\/5_henri_barth.jpg\">Il est n\u00e9 \u00e0 Hambourg en 1821 et part avec Overweg pour la grande aventure qui devait aboutir en 1851 \u00e0 la d\u00e9couverte du Lac Tchad. Le 07 mai 1851, il part pour L\u2019Adamaoua en passant par UBA, Mubi, Sorao, Demsa. Le 18 Juin, il est sur la B\u00e9nou\u00e9 et il atteint Yola le 20 juin. Soup\u00e7onn\u00e9 par l\u2019Emir Lawal de Yola de faire l\u2019espionnage, il est expuls\u00e9 du Pays il Voyage alors dans le Kansem, le Baghirmi Sokoto. En 1885, il passe par Tombouctou et atteint Tripoli.<\/p>\n\n\n\n<p><br>Gustave Nachtigal&nbsp;:<img decoding=\"async\" width=\"\" alt=\"Natchigal\" src=\"http:\/\/www.camfaith.org\/images\/img_cameroun\/6_gus_nacht.jpg\">&nbsp;Il est n\u00e9 \u00e0 Eichs tedt en 1834, M\u00e9decin Militaire de Profession, il est venu en 1862 en Afrique du Nord. Apr\u00e8s de grands voyages, il arrive le 20 Juin 1870 aux bords&nbsp; du Lac Tchad&nbsp;; le 06 Juillet 1870, il entre dans la capitale du Bornou (Kukwa)&nbsp;; C\u2019est le 12 Juillet 1884 qu\u2019il arrive \u00e0 Douala et sa mission est accomplie&nbsp;; il meurt en mer au cours de son voyage retour.<br>On doit noter qu\u2019ils n\u2019\u00e9taient pas les seuls explorateurs au Cameroun, on pourrait compter les anglais \u00e0 savoir Livingstone, Stanley, les Fran\u00e7ais Mizon et Maistre et autres qui ont bien explor\u00e9 notre pays au profit de leurs pays.<\/p>\n\n\n\n<h2 class=\"wp-block-heading\"><a><\/a>Le Cameroun sous-Protectorat Allemand<\/h2>\n\n\n\n<figure class=\"wp-block-image\"><img decoding=\"async\" src=\"http:\/\/www.camfaith.org\/images\/img_cameroun\/7_cameroun_1890.gif\" alt=\"Cameroun en 1890\" title=\"Cameroun en 1890\"\/><\/figure>\n\n\n\n<p>Nous devons savoir qu\u2019au d\u00e9but, trois puissances se battent au Cameroun pour le congr\u00e8s Ottoman les anglais, les Fran\u00e7ais et les allemands.<br>Les premiers \u00e0 arriver sur le territoire Camerounais sont les anglais par leurs missionnaires et leurs commer\u00e7ants&nbsp;: Alfred Saker est \u00e0 Douala depuis le 10 juin 1947 et en 1958, il fonde Victoria. De 1940 \u00e0 1960, les repr\u00e9sentants et les consuls du gouvernement Anglais ont sign\u00e9s de multiples trait\u00e9s avec les Chefs Douala, l\u2019influence Anglaise \u00e9tait grande sur les c\u00f4tes Camerounaises o\u00f9 les missionnaires et les Commer\u00e7ants jouaient aupr\u00e8s de Chefs locaux, le r\u00f4le d\u2019arbitre et des conseill\u00e9s, mais il n\u2019avait jamais entam\u00e9 une colonisation direct malgr\u00e9 le fait que les chefs locaux r\u00e9clamaient la tutelle Anglaise. En 1864, le Roi Bell \u00e9crit \u00e0 la reine Victoria. En 1879 le Roi Akwa avec tout ces sous chefs en fond de m\u00eame&nbsp;; le 06&nbsp;Novembre 1881, les deux Rois, Akwa et Bell se mettent ensemble pour \u00e9crire une lettre commune au premier Ministre Britannique, mais la r\u00e9ponse leur parviendra le 1er mars 1882 ou le Gouvernement Anglais refuse d\u2019assurer le protectorat du Cameroun.<\/p>\n\n\n\n<p><img decoding=\"async\" width=\"\" alt=\"Cameroun 1911\" src=\"http:\/\/www.camfaith.org\/images\/img_cameroun\/8_cam_apres_1911.gif\">Les Fran\u00e7ais eux, ne sont pas tr\u00e8s actifs au Cameroun ils signent quelques trait\u00e9s avec certains Chefs, mais c\u2019est n\u2019est rien par rapport \u00e0 l\u2019espace qui reste \u00e0 annexer au Cameroun.<br>Les Allemands arrivent au Cameroun en 1860&nbsp;; en 1861 un botaniste allemand nomm\u00e9 Mann fait l\u2019ascension du mont Cameroun et \u00e9tudie la flore.<br>En 1968, Adolph Woerman fonde une maison de commerce \u00e0 Douala.&nbsp;; Apr\u00e8s avoir \u00e9chou\u00e9 dans leurs tentatives de demande de protectorat Anglais, les chefs Douala se retournent vers les Allemands&nbsp;; un trait\u00e9 germano-Douala fut sign\u00e9 le 12 Juillet 1884. De ce jour&nbsp;Nachtigal, au nom de l\u2019empereur d\u2019Allemagne venait prendre possession de la terre Camerounaise le 14 Juillet 1884. Le Docteur Gustave hissa le drapeau Allemand sur la ville de Douala lors de la c\u00e9r\u00e9monie Officielle le 19 Juillet 1884, les anglais se r\u00e9veillent et le consul Hewett arrive \u00e0 Victoria pour n\u00e9gocier avec les Chefs locaux mais c\u2019est trop tard, d\u2019o\u00f9 son nom&nbsp;\u00ab\u00a0Too late consul\u00a0\u00bb&nbsp;car le pays avait d\u00e9j\u00e0 \u00e9t\u00e9 annex\u00e9 depuis une semaine&nbsp;; finalement, les anglais et les Fran\u00e7ais reconnaissent les droits de l\u2019Allemagne au Cameroun.<\/p>\n\n\n\n<h1 class=\"wp-block-heading\"><a><\/a>Le Cameroun sous Mandat (1916-1945)<\/h1>\n\n\n\n<figure class=\"wp-block-image\"><img decoding=\"async\" src=\"http:\/\/www.camfaith.org\/images\/img_cameroun\/9_cam_sdn.gif\" alt=\"Cameroun SDN\" title=\"Cameroun sous mandat SDN\"\/><\/figure>\n\n\n\n<p>Lors de la guerre de 1914-1916 entre l\u2019Allemagne et les alli\u00e9s en Europe, le Cameroun \u00e9tait militairement occup\u00e9 par les anglais et les Fran\u00e7ais.<br>Le 06 Mars 1916, puisque l\u2019Allemagne avait quitt\u00e9 le territoire Camerounais alors l\u2019Angleterre et la France se le partagent.<br>Le G\u00e9n\u00e9ral Dobell au nom de l\u2019Angleterre et le g\u00e9neral Aymerich au nom de la France, partagent le Cameroun en deux zones d\u2019influence&nbsp;; Les anglais occupent une zone de 60 \u00e0 80 km de large le long de la fronti\u00e8re du Nig\u00e9ria de 750&nbsp;000 km2 du New Komerin, l\u2019Angleterre prend une bande de 85&nbsp;000 km2. La France prend le reste.<br>Le 14 Mars 1916, un t\u00e9l\u00e9gramme du gouvernement fran\u00e7ais demande au g\u00e9n\u00e9ral aymerich de restituer \u00e0 l\u2019AEF (Afrique Equatoriale Fran\u00e7aise) les territoires c\u00e9d\u00e9s en 1911 au Cameroun Allemand.<\/p>\n\n\n\n<p>A la fin de la guerre, toutes les puissances se r\u00e9unissent \u00e0 Versailles en 1912 pour la conf\u00e9rence de la paix&nbsp;; toutes les anciennes colonies de l\u2019Allemagne lui sont enlev\u00e9s \u00e0 savoir&nbsp;: le Cameroun, Le Togo, le Tanganyika, le Rwada-Burundi, le Sud- Ouest Africain&nbsp;; et selon la conf\u00e9rence de Versailles, l\u2019article 119 du trait\u00e9 de paix sign\u00e9 le 28 Juin 1919 disait ceci&nbsp;:&nbsp;\u00ab&nbsp;l\u2019Allemagne renonce en faveur des principales puissances alli\u00e9es et associ\u00e9es \u00e0 tous ses droits et titres sur ses possessions d\u2019outre-mer.&nbsp;\u00bb<\/p>\n\n\n\n<p>Maintenant il \u00e9tait question de voir \u00e0 qui allaient v\u00e9ritablement revenir ces anciennes colonies&nbsp;; c\u2019est alors l\u00e0 que la formule du mandat fut propos\u00e9e et adopt\u00e9e, et selon cette formule les anciennes colonies allemandes d\u00e9pendraient de la&nbsp;Soci\u00e9t\u00e9 Des Nations (S.D.N)&nbsp;; mais, elles seraient confi\u00e9es \u00e0 une puissance qui, en assurerait la gestion sous le contr\u00f4le de l\u2019autorit\u00e9 internationale. C\u2019est ainsi que le Cameroun sorti d\u00e9finitivement du r\u00e9gime colonial.<br>Le mandat sur le Cameroun fut confi\u00e9 \u00e0 la France et \u00e0 l\u2019Angleterre suivant l\u2019accord intervenu entre elles le 04 mars 1916.<\/p>\n\n\n\n<h2 class=\"wp-block-heading\"><a><\/a>Qu\u2019est ce que la SDN et quelle \u00e9tait sa mission&nbsp;?<\/h2>\n\n\n\n<p>En fait la SDN \u00e9tait l\u2019autorit\u00e9 supr\u00eame sur le pays de mandat, les pays mandataires devaient lui adresser un rapport annuel pour lui rendre compte de leur gestion. Ces pays mandataires devaient assurer l\u2019administration du territoire sous mandat, favoriser le bien-\u00eatre et le d\u00e9veloppement des populations, il devait continuer de proscrire la traite des esclaves, le trafic des armes, de l\u2019alcool et garantir la libert\u00e9 de conscience et de religion.<br>Le Cameroun pour son cas, se trouvait plac\u00e9 ainsi dans des conditions privil\u00e9gi\u00e9s des pays prot\u00e9g\u00e9s dont la promotion, la s\u00e9curit\u00e9, l\u2019\u00e9ducation relevaient d\u2019une organisation internationale (la SDN)&nbsp;: cette position privil\u00e9gi\u00e9e devait permettre au Cameroun de poursuivre son chemin vers l\u2019ind\u00e9pendance.<br>Notons que la SDN n\u2019imposait pas aux Fran\u00e7ais et aux Anglais la mani\u00e8re d\u2019administrer le Cameroun. Non&nbsp;! au contraire chaque pays \u00e9tait libre de faire comme cela lui semblait bon, c\u2019est ainsi que le Cameroun Britannique fut administr\u00e9 comme une partie int\u00e9grale du Nig\u00e9ria britannique, et le Cameroun Fran\u00e7ais comme une partie de l\u2019empire colonial Fran\u00e7ais.<\/p>\n\n\n\n<h1 class=\"wp-block-heading\"><a><\/a>Le Cameroun sous tutelle (1945-1959)<\/h1>\n\n\n\n<p>Pour \u00e9viter la guerre entre les nations, la SDN fut cr\u00e9e en 1920, mais elle a failli \u00e0 sa mission avec l\u2019apparition de la 2\u00e8me guerre mondiale, alors il faillait cr\u00e9er un autre organisme visant le m\u00eame but mais plus fort que la SDN&nbsp;; c\u2019est ainsi que du 25 Avril au 26 Juin 1945 \u00e0 San Francisco (Etats-unis d\u2019Am\u00e9rique) \u00e0 une conf\u00e9rence o\u00f9 50 pays participent, l\u2019on adopte la charte c&rsquo;est-\u00e0-dire le r\u00e8glement des Nations Unis.<br>Le 24 Octobre 1945 la majorit\u00e9 des pays ratifient la charte,&nbsp;l\u2019organisation des Nations Unies&nbsp;en abr\u00e9g\u00e9&nbsp;ONU&nbsp;est n\u00e9e avec pour but de&nbsp;:<\/p>\n\n\n\n<ul class=\"wp-block-list\">\n<li>pr\u00e9server les g\u00e9n\u00e9rations futures de la guerre<\/li>\n\n\n\n<li>proclamer les droits fondamentaux de l\u2019homme, la dignit\u00e9 et la valeur de la personne Humaine<\/li>\n\n\n\n<li>Proclamer l\u2019\u00e9galit\u00e9 de sexes ainsi que des nations grandes et petites<\/li>\n\n\n\n<li>cr\u00e9er des conditions vers des trait\u00e9s et autres sources du droit l\u2019international<\/li>\n\n\n\n<li>favoriser le progr\u00e8s social et restaurer des meilleures conditions de vie dans une libert\u00e9 plus grande.<\/li>\n<\/ul>\n\n\n\n<p>Avant la 2\u00e8me guerre mondiale le Cameroun \u00e9tait sous mandat de la SDN mais maintenant il passe au statut de sous tutelle de l\u2019ONU.<\/p>\n\n\n\n<p>Le but final est nettement d\u00e9fini dans l\u2019article 76 de la charte des nations-unies \u00e0 savoir&nbsp;:&nbsp;<\/p>\n\n\n\n<p>\u00ab&nbsp;favoriser le progr\u00e8s politique \u00e9conomique et social des populations ainsi que le d\u00e9veloppement de leur instruction, et favoriser \u00e9galement leur \u00e9volution progressive vers la capacit\u00e9 de s\u2019administrer elles-m\u00eames ou l\u2019ind\u00e9pendance, compte tenu des conditions particuli\u00e8re de chaque territoire \u00e0 ses populations, des aspirations librement exprim\u00e9es des populations int\u00e9resses et des dispositions qui pourront \u00eatre pr\u00e9vues dans chaque accord de tutelle\u2026&nbsp;\u00bb<\/p>\n\n\n\n<p>Le 13 d\u00e9cembre 1946, l\u2019Angleterre et la France signent les accords de tutelle qui sont approuv\u00e9s par l\u2019assembl\u00e9e g\u00e9n\u00e9rale de l\u2019ONU&nbsp;; le Cameroun sous tutelle Fran\u00e7aise sera administr\u00e9 comme partie int\u00e9grante du territoire fran\u00e7ais et selon la l\u00e9gislation fran\u00e7aise et le Cameroun sous tutelle Britannique selon la l\u00e9gislation Anglaise.<\/p>\n\n\n\n<p>En g\u00e9n\u00e9ral de 1945 \u00e0 1959, le Cameroun sous tutelle, conna\u00eet un d\u00e9veloppement consid\u00e9rable sur presque tous les plans.<\/p>\n\n\n\n<h2 class=\"wp-block-heading\"><a><\/a>L\u2019\u00e9volution Politique du Cameroun de 1945-1959<\/h2>\n\n\n\n<p>A l\u2019int\u00e9rieur, on a l\u2019assembl\u00e9e repr\u00e9sentative du Cameroun (ARCAM) institu\u00e9e par d\u00e9cret du 25 Octobre 1946 charg\u00e9e de gerer les int\u00e9r\u00eats propres du pays. Elle est compos\u00e9e de 40 membres dont 16 fran\u00e7ais \u00e9lus par le 1er coll\u00e8ge \u00e9lectoral et 24&nbsp; Camerounais \u00e9lus par le 2\u00e8me coll\u00e8ge Electoral. Cette Assembl\u00e9e vote le budget, d\u00e9lib\u00e8re sur les projets qui lui sont soumis par le Haut- Commissaire, formule des v\u0153ux et&nbsp; \u00e9met des avis.<br>En 1952 l\u2019ARCAM est remplac\u00e9e par&nbsp;l\u2019ATCAM&nbsp;(assembl\u00e9e territoriale du Cameroun \u00e9lue par un double coll\u00e8ge de 580&nbsp;000 \u00e9lecteurs.<br>Elle comprend 50 membres dont 18 fran\u00e7ais et 32 camerounais peu \u00e0 apr\u00e8s elle sera en r\u00e9alit\u00e9 compos\u00e9e de 21 Fran\u00e7ais et de 29 Camerounais.&nbsp; L\u2019ATCAM \u00e0 des pouvoirs plus \u00e9tendus que l\u2019ARCAM en ce sens qu\u2019elle s\u2019int\u00e9resse aux domaines financiers \u00e9conomiques, sociaux et administratifs.<br>Cette assembl\u00e9e sera dissoute le 08 Novembre 1956 pour faire place \u00e0 une autre qui doit \u00e9tudier un projet de statut du Cameroun pr\u00e9par\u00e9 par le gouvernement fran\u00e7ais.<br>Les \u00e9lections de la nouvelle ATCAM ont lieu le 23 d\u00e9cembre 1956 malgr\u00e9 les troubles provoqu\u00e9s par l\u2019UPC. Compos\u00e9e de 70 membres et apr\u00e8s amendement, le projet de statut est adopt\u00e9.<br>Le d\u00e9cret du 16 Avril 1957 met en place les nouvelles institutions Camerounaises.<\/p>\n\n\n\n<p>Le Cameroun devient donc un Etat sous Tutelle. La citoyennet\u00e9 Camerounaise est reconnue. Les embl\u00e8mes du nouvel Etat sont choisis notamment&nbsp;:<\/p>\n\n\n\n<ul class=\"wp-block-list\">\n<li>Le Drapeau<\/li>\n\n\n\n<li>L\u2019Hymne National<\/li>\n\n\n\n<li>La devise<\/li>\n<\/ul>\n\n\n\n<p>Le 09 Mai 1957 l\u2019ATCAM se transforme en&nbsp;ALCAM&nbsp;(Assembl\u00e9e l\u00e9gislative du Cameroun) en application du nouveau statut du Cameroun.<\/p>\n\n\n\n<p>L\u2019ALCAM se r\u00e9unit pour investir le premier Ministre d\u00e9sign\u00e9&nbsp;Mr Andr\u00e9 Marie Mbida&nbsp;: le 10 Mai devient jour de f\u00eate nationale.&nbsp;<\/p>\n\n\n\n<p>Le 22 Juin 1958 l\u2019ALCAM&nbsp; avec Monsieur&nbsp;Ahidjo&nbsp;comme premier Ministre opte pour l\u2019autonomie interne compl\u00e8te qui sera accord\u00e9e le 1er Janvier 1959.<\/p>\n\n\n\n<p>L\u2019ALCAM demande le 24 Octobre 1958 l\u2019Independence pour le 1er Janvier 1960.<\/p>\n\n\n\n<p>De 1845 \u00e0 1959, les principaux partis politiques qu\u2019a connu le Cameroun sont&nbsp;:<\/p>\n\n\n\n<p>&#8211;&nbsp;l\u2019union des populations du Cameroun (UPC)&nbsp;:&nbsp;fond\u00e9e le 10 Avril 1948 par Ruben Um Nyobe, l\u2019UPC \u00e9tait une section locale du remplacement d\u00e9mocratique Africain (RDA), elle est dirig\u00e9e par un bureau politique et demande l\u2019ind\u00e9pendance imm\u00e9diate de la r\u00e9unification du Cameroun pour atteindre ses objectifs. Elle n\u2019h\u00e9site pas \u00e0 d\u00e9clencher une campagne de violence dans le pays&nbsp;; Un maquis se forme en pays Bassa et Bamil\u00e9k\u00e9 le sang coule. Les troubles ainsi provoqu\u00e9s dureront jusqu\u2019\u00e0pr\u00e8s l\u2019ind\u00e9pendance.<\/p>\n\n\n\n<p>&#8211;&nbsp;L\u2019\u00e9volution sociale Camerounaise (ESOCAM)&nbsp;:&nbsp;fond\u00e9 en 1949 pour s\u2019opposer \u00e0 l\u2019UPC, elle n\u2019a pas r\u00e9ussi dans sa mission alors elle se scinde en plusieurs autres petits partis.<\/p>\n\n\n\n<p>&#8211;&nbsp;Le bloc d\u00e9mocratique Camerounais (BDC)&nbsp;:&nbsp;fond\u00e9 le 28 Novembre 1951, son leader est le docteur Ajoulat. Son influence s\u2019\u00e9tend surtout dans la r\u00e9gion du Centre et les milieux Urbains de Yaound\u00e9, Douala, Ebolowa. Il publie un journal \u00ab\u00a0le Cameroun de demain\u00a0\u00bb, apr\u00e8s les \u00e9lections de 1956 qui voient l\u2019\u00e9chec du Docteur, la BDC commence \u00e0 s\u2019effriter et Monsieur&nbsp;Ahidjo&nbsp;qui en faisait partie lance l\u2019union Camerounaise&nbsp; (UC).<\/p>\n\n\n\n<p>&#8211; l\u2019Union social Camerounaise (USC)&nbsp;:&nbsp;elle est n\u00e9e en 1953 par Monsieur Okala mais ce parti connait un d\u00e9clin rapide.<\/p>\n\n\n\n<p>&#8211; L\u2019union Camerounaise (UC)&nbsp;:&nbsp;fond\u00e9e par Monsieur Ahidjo en 1958 avec quelques \u00e9lus du Nord, l\u2019UC pr\u00eache l\u2019union et l\u2019unit\u00e9 Nationale, elle gagne toute les couches de la population du pays, elle re\u00e7oit l\u2019adh\u00e9sion d\u2019autres hommes politiques et devient le parti majoritaire de l\u2019Assembl\u00e9e l\u00e9gislative.&nbsp;<\/p>\n\n\n\n<h3 class=\"wp-block-heading\"><a><\/a>Au Cameroun Occidental<\/h3>\n\n\n\n<p>L\u2019\u00e9volution politique du Cameroun sous tutelle britannique n\u2019a pas \u00e9t\u00e9 le m\u00eame que celui du Cameroun sous tutelle Fran\u00e7ais.<br>Le Cameroun sous tutelle anglais est rattach\u00e9 Administrativement \u00e0 la r\u00e9gion autonome de l\u2019Est du Nigeria, il est repr\u00e9sent\u00e9 par son d\u00e9l\u00e9gu\u00e9 au conseil l\u00e9gislatif de cette r\u00e9gion.<\/p>\n\n\n\n<p>En 1954 il devient l\u2019une des r\u00e9gions autonome du Nig\u00e9ria, divis\u00e9 en 02 provinces&nbsp;: le Cameroun Septentrional et le Cameroun m\u00e9ridional, ce n\u2019est qu\u2019\u00e0 partir de 1959 et jusqu\u2019au 1er Octobre 1961 qu\u2019il est Administr\u00e9 directement par la Grande-Bretagne.<\/p>\n\n\n\n<h1 class=\"wp-block-heading\"><a><\/a>L\u2019ind\u00e9pendance du Cameroun<\/h1>\n\n\n\n<p>Le Cameroun acquiert son autonomie interne par un d\u00e9cret le 16 Avril 1957, on peut alors cr\u00e9er un Gouvernement Camerounais. Le premier Ministre est nomm\u00e9 par le Haut Commissaire qui lui-m\u00eame est le Chef de l\u2019Etat sous tutelle&nbsp;; ce dernier est responsable de la d\u00e9fense, des relations avec la France et l\u2019ext\u00e9rieur.<\/p>\n\n\n\n<p>Le 10 Mai 1957&nbsp;Andr\u00e9 Marie Mbida&nbsp;<img decoding=\"async\" width=\"\" alt=\"Andr\u00e9 Mbida\" src=\"http:\/\/www.camfaith.org\/images\/img_cameroun\/10_and_mbida.jpg\">est investi par l\u2019ALCAM comme premier Ministre du Cameroun et Monsieur&nbsp;Ahmadou Ahidjo&nbsp;Pr\u00e9sident de l\u2019ALCAM, devient Vice Premier Ministre en F\u00e9vrier 1958.<img decoding=\"async\" width=\"\" alt=\"Ahmadou Ahidjo\" src=\"http:\/\/www.camfaith.org\/images\/img_cameroun\/11_ahidjo.jpg\"><\/p>\n\n\n\n<p>Le Haut Commissaire Ramadien entre en conflit avec le premier Ministre Mbida. Ce dernier \u00e0 la suite d\u2019une motion de censure de l\u2019ALCAM&nbsp; vot\u00e9e le 13 F\u00e9vrier, doit d\u00e9missionner. Monsieur Ahidjo lui succ\u00e8de comme Premier Ministre.<\/p>\n\n\n\n<p>Le 18 F\u00e9vrier 1958, Ahmadou Ahidjo forme un nouveau Gouvernement, son programme demande une autonomie interne totale, la fixation de la date de l\u2019ind\u00e9pendance et de la r\u00e9unification des deux Cameroun, et enfin la coop\u00e9ration avec la France.<br>Ce programme est agr\u00e9e par de nombreuses personnes y compris l\u2019ALCAM qui va aller dans le m\u00eame sens en demandant, le 12 Juin 1958, l\u2019autonomie interne compl\u00e8te ou encore l\u2019ind\u00e9pendance le 1er Janvier 1960 et la r\u00e9unification.<\/p>\n\n\n\n<p>Par l\u2019ordonnance du 30 d\u00e9cembre 1958, le gouvernement Fran\u00e7ais accorde l\u2019autonomie interne compl\u00e8te et ce sera ainsi la derni\u00e8re \u00e9tape de l\u2019\u00e9volution des institutions avant la lev\u00e9e de la tutelle.<br>D\u00e9sormais, le Cameroun n\u2019est plus repr\u00e9sent\u00e9 par les assembl\u00e9es Fran\u00e7aises, il a tout le pouvoir pour faire ses lois administratives, le pays rend justice, la nationalit\u00e9 camerounaise est reconnue par le plan international le 1er janvier 1960,&nbsp;l\u2019ind\u00e9pendance du Cameroun est solennellement proclam\u00e9e par Monsieur Ahmadou Ahidjo premier Ministre.<\/p>\n\n\n\n<p>N.B&nbsp;:&nbsp;Lors de l\u2019accession \u00e0 l\u2019autonomie interne, la citoyennet\u00e9 Camerounaise&nbsp;:<\/p>\n\n\n\n<ul class=\"wp-block-list\">\n<li>Le drapeau est choisi (Vert, rouge, jaune);<\/li>\n\n\n\n<li>Une devise (paix-Travail-patrie);<\/li>\n\n\n\n<li>Un hymne National (\u00d4 Cameroun berceau de nos anc\u00eatres);<\/li>\n<\/ul>\n\n\n\n<h1 class=\"wp-block-heading\"><a><\/a>LA REUNIFICATION DES DEUX CAMEROUN<\/h1>\n\n\n\n<p>Le Cameroun devient ind\u00e9pendant, prend le nom de R\u00e9publique du Cameroun le 09 mai 1960.<br>Monsieur Ahmadou Ahidjo \u00e9lu \u00e0 l\u2019unanimit\u00e9 premier pr\u00e9sident de la&nbsp; R\u00e9publique du Cameroun, il chargera donc Monsieur ASSALE Charles de former le premier gouvernement du Cameroun ind\u00e9pendant.<br>Le Cameroun entre comme membre de l\u2019ONU&nbsp; le 20 septembre 1960, le Cameroun sous tutelle Britannique se divise en deux&nbsp;: le Cameroun Septentrional (Northern Cameroons) et le Cameroun M\u00e9ridional (Southern Cameroons).<\/p>\n\n\n\n<p>*&nbsp;Le Northern Cameroons&nbsp;:&nbsp;il a pr\u00e8s de 44&nbsp;000 km\u00b2 et 687&nbsp;100 Habitants, rattach\u00e9 \u00e0 la province du Nord &nbsp;du Nig\u00e9ria. Il a \u00e9t\u00e9 Administr\u00e9 comme partie int\u00e9grante de la f\u00e9d\u00e9ration Nig\u00e9rienne, Les dirigeants voulaient voir le Cameroun Septentrional rattach\u00e9 au Nig\u00e9ria mais la majorit\u00e9 n\u2019\u00e9tant pas d\u2019accord, l\u2019ONU a demand\u00e9 un pl\u00e9biscite le 07 Novembre 1959 la majorit\u00e9 s\u2019est prononc\u00e9e contre le rattachement.<\/p>\n\n\n\n<p>*&nbsp;Le Southern Cameroons&nbsp;:&nbsp;le pays mesure 42&nbsp;000km\u00b2 avec 753&nbsp;000 habitants, son \u00e9conomie gr\u00e2ce \u00e0 un sol fertile repose sur l\u2019agriculture. Sur le plan politique, le pays fut d\u2019abord rattach\u00e9 \u00e0 la province m\u00e9ridionale du Nig\u00e9ria, puis \u00e0 la province Orientale, puis il fut divis\u00e9 en 02 r\u00e9gions avec les Chefs lieu de Bamenda au Nord et Bu\u00e9a au sud. En 1945 le Cameroun m\u00e9ridionale devient une R\u00e9gion autonome ayant une assembl\u00e9e de 25 membres \u00e0 partir de 1957, il prend le nom de \u00ab\u00a0Southern Cameroons\u00a0\u00bb, il a son Gouvernement, son Assembl\u00e9e, son conseil de chefs&nbsp;; le premier gouvernement pr\u00e9sid\u00e9 par le docteur ENDELEY est mis en place le 15 Mai 1958&nbsp;; il sera remplac\u00e9 un an plus tard par le Gouvernement pr\u00e9sid\u00e9 par Monsieur FONCHA, favorable \u00e0 la r\u00e9unification. Nous constatons donc que l\u2019\u00e9volution politique du Cameroun M\u00e9ridional est donc assez semblable \u00e0 celle du Cameroun Oriental, on retrouve les partis politiques suivants&nbsp;:<\/p>\n\n\n\n<p>&#8211; Le Kamerun National Congress (KNC)&nbsp;du Docteur Endeley, qui est partisan de l\u2019annexum du Cameroun par le Nig\u00e9ria.<\/p>\n\n\n\n<p>&#8211;&nbsp;Le Kamerun people\u2019s party (KPP); le Kamerun Naturel D\u00e9mocratie party (PNDP) de Monsieur Foncha qui milite avec succ\u00e8s pour la r\u00e9unification.<\/p>\n\n\n\n<p>&#8211; le One Kamerun party de Monsieur Ntumazah.<br>L\u2019assembl\u00e9e G\u00e9n\u00e9ral des nations unies, au cours de sa session de Mars 1959 avait adopt\u00e9 sur le Cameroun britannique une r\u00e9solution qui recommandait \u00e0 la grande Bretagne d\u2019organiser sous la surveillance des Nations Unies, des pl\u00e9biscites s\u00e9par\u00e9s dans la partie septentrionale et dans la partie m\u00e9ridionale du Cameroun&nbsp; pour connaitre le d\u00e9sir des populations sur leur avenir. Un premier pl\u00e9biscite \u00e0 lieu 07 Novembre 1959 au Cameroun, selon le v\u0153u de l\u2019ONU pour savoir si cette partie du pays d\u00e9sire faire partie du Nig\u00e9ria ou pas, la majorit\u00e9 se prononce n\u00e9gativement. Un autre pl\u00e9biscite int\u00e9ressant les deux parties du&nbsp; Cameroun, a lieu le 11 f\u00e9vrier 1961, le Cameroun septentrionale se prononce pour le rattachement au Nig\u00e9ria, le 1er Juin 1961 la partie septentrionale de notre pays est rattach\u00e9e au Nig\u00e9ria ce jour est consid\u00e9r\u00e9 comme deuil national au Cameroun.<br>Le Cameroun m\u00e9ridional se prononce pour la r\u00e9unification avec la r\u00e9publique du Cameroun.<\/p>\n\n\n\n<p>Le 09 juillet 1961, une conf\u00e9rence r\u00e9unit \u00e0 Foumban, le d\u00e9l\u00e9gu\u00e9 des 02 parties du pays pour jeter les bases constitutionnelles de la future f\u00e9d\u00e9ration&nbsp;; la c\u00e9l\u00e9bration est fix\u00e9e et c\u00e9l\u00e9br\u00e9e le 1er Octobre 1961, la R\u00e9publique F\u00e9d\u00e9rale du Cameroun r\u00e9unit \u00e0 nouveau les 02 parties du pays s\u00e9par\u00e9es depuis plus de 40 ans&nbsp;; donc nous avons maintenant la R\u00e9publique f\u00e9d\u00e9rale du Cameroun n\u00e9e de cette r\u00e9unification des 02 Cameroun.<br>Le si\u00e8ge du gouvernement f\u00e9d\u00e9ral et l\u2019Assembl\u00e9e nationale est \u00e0 Yaound\u00e9. Les embl\u00e8mes Nationaux sont&nbsp;:<\/p>\n\n\n\n<ul class=\"wp-block-list\">\n<li>Devise&nbsp;:&nbsp;paix-Travail-Patrie<\/li>\n\n\n\n<li>Drapeau&nbsp;: vert, rouge, jaune \u00e0 03 bandes verticales d\u2019\u00e9gales dimensions frapp\u00e9 de 02 \u00e9toiles d\u2019or dans la bande verte, chaque \u00e9toile repr\u00e9sente chacun des Etats f\u00e9d\u00e9r\u00e9s.<\/li>\n\n\n\n<li>l\u2019Hymne National&nbsp;:&nbsp;\u00d4 Cameroun, berceau de nos anc\u00eatres<\/li>\n\n\n\n<li>les langues Officielles&nbsp;:&nbsp;Fran\u00e7ais et anglais<\/li>\n<\/ul>\n\n\n\n<p>Carte du Cameroun en 1961<img decoding=\"async\" width=\"\" alt=\"Cameroun 1961\" src=\"http:\/\/www.camfaith.org\/images\/img_cameroun\/12_cam_apres.gif\"><\/p>\n\n\n\n<h2 class=\"wp-block-heading\"><a><\/a>La R\u00e9publique F\u00e9derale du Cameroun<\/h2>\n\n\n\n<p>La R\u00e9publique F\u00e9d\u00e9rale du Cameroun est n\u00e9e le 1er Octobre 1961 \u00e0 la suite du r\u00e9f\u00e9rendum r\u00e9unifiant les anciens&nbsp; Cameroun oriental et Occidental, avec pour pr\u00e9sident El Hadj Ahmadou Ahidjo<img decoding=\"async\" width=\"\" alt=\"Ahmadou Ahidjo\" src=\"http:\/\/www.camfaith.org\/images\/img_cameroun\/13_ahmadou_ahidjo.jpg\">, et pour vice John Ngu Foncha.<\/p>\n\n\n\n<figure class=\"wp-block-image\"><img decoding=\"async\" src=\"http:\/\/www.camfaith.org\/images\/img_cameroun\/14_john_ngu.jpg\" alt=\"Foncha\" title=\"John Ngu Foncha\"\/><\/figure>\n\n\n\n<h2 class=\"wp-block-heading\"><a><\/a>La R\u00e9publique Unie du Cameroun<\/h2>\n\n\n\n<p>Le 06 Mai 1972, le pr\u00e9sident El Hadj Ahmadou Ahidjo, pr\u00e9sident de la r\u00e9publique f\u00e9d\u00e9rale du Cameroun annon\u00e7ait devant l\u2019assembl\u00e9e nationale, la d\u00e9cision d\u2019organiser un r\u00e9f\u00e9rendum pour l\u2019institution imm\u00e9diate d\u2019un Etat unitaire.<br>Le 20 Mai 1972, le r\u00e9f\u00e9rendum \u00e0 une majorit\u00e9 \u00e9crasante cr\u00e9ait la R\u00e9publique Unie du Cameroun.<br>Les embl\u00e8mes nationaux restent les m\u00eames sauf le drapeau qui perd une \u00e9toile et donc il reste une \u00e9toile qui n\u2019est plus sur le sur la couleur verte mais sur le rouge et au centre&nbsp;;<br><img decoding=\"async\" width=\"100px\" alt=\"Drapeau actuel\" src=\"http:\/\/www.camfaith.org\/images\/img_cameroun\/drapeau3.png\">Le pr\u00e9sident de la R\u00e9publique est le chef de l\u2019Etat&nbsp; et du Gouvernement&nbsp;; il n\u2019ya qu\u2019un seul gouvernement compos\u00e9 de Ministres d\u00e9sign\u00e9s par le chef de l\u2019Etat, L\u2019Assembl\u00e9e nationale est la seule Assembl\u00e9e repr\u00e9sentative de l\u2019ensemble de la R\u00e9publique&nbsp;; elle compte 120 D\u00e9put\u00e9s \u00e9lus au suffrage universel.&nbsp;&nbsp;<\/p>\n\n\n\n<h2 class=\"wp-block-heading\"><a><\/a>La R\u00e9publique du Cameroun<\/h2>\n\n\n\n<p>Le 6 novembre 1982, Paul BIYA, alors Premier Ministre depuis 1975, acc\u00e9da \u00e0 la magistrature supr\u00eame, en vertu de la Constitution (amendement du 29 juin 1979) suite \u00e0 la d\u00e9mission d\u2019Ahmadou Ahidjo. Ce changement, consid\u00e9r\u00e9 au d\u00e9part comme un mod\u00e8le de transition politique, fut \u00e9branl\u00e9 par d\u2019\u00e9normes difficult\u00e9s du fait de la volont\u00e9 de l\u2019ancien pr\u00e9sident de s\u2019accrocher \u00e0 un pouvoir qu\u2019il avait librement abandonn\u00e9.<br><img decoding=\"async\" width=\"\" alt=\"Paul Biya\" src=\"http:\/\/www.camfaith.org\/images\/img_cameroun\/paul_biya.jpg\">Le 22 ao\u00fbt 1983, le nouveau chef de l\u2019Etat annon\u00e7a la d\u00e9couverte d\u2019un complot ourdi contre la s\u00e9curit\u00e9 de l\u2019Etat par les partisans de l\u2019ancien pr\u00e9sident. Le peuple camerounais se rangea du c\u00f4t\u00e9 du nouveau Pr\u00e9sident dont l\u2019action se fondait sur la rigueur et la moralisation, tel que pr\u00f4n\u00e9 par le Pr\u00e9sident Paul BIYA. Ahmadou AHIDJO, qui s\u2019\u00e9tait alors install\u00e9 \u00e0 l\u2019\u00e9tranger, fut oblig\u00e9 de d\u00e9missionner du poste de pr\u00e9sident du parti qu\u2019il occupait jusque-l\u00e0. Un Congr\u00e8s extraordinaire du parti fut alors convoqu\u00e9 le 14 septembre 1983, \u00e0 l\u2019occasion duquel M. Paul BIYA fut \u00e9lu Pr\u00e9sident national de l\u2019UNC. Cette \u00e9lection permit de mettre un terme au bic\u00e9phalisme qui existait entre l\u2019Etat et le parti.<br>Le probl\u00e8me de la l\u00e9gitimit\u00e9 constitutionnelle et populaire du nouveau Pr\u00e9sident fut finalement r\u00e9solu par l\u2019organisation d\u2019une \u00e9lection pr\u00e9sidentielle anticip\u00e9e le 4 janvier 1984 au Cours de laquelle la double l\u00e9gitimit\u00e9 de M. Paul BIYA fut confirm\u00e9e par plus de 99 % de suffrages exprim\u00e9s.<\/p>\n\n\n\n<h2 class=\"wp-block-heading\"><a><\/a>Hymne National<\/h2>\n\n\n\n<p>\u00d4 Cameroun berceau de nos anc\u00eatres,<br>Va debout et jaloux de ta libert\u00e9.<br>Comme un soleil ton drapeau fier doit \u00eatre<br>Un symbole ardent de foi et d&rsquo;unit\u00e9.<br>Que tous tes enfants du nord au sud,<br>de l&rsquo;est \u00e0 l&rsquo;ouest soient tout amour,<br>Te servir que ce soit leur seul but,<br>Pour remplir leurs devoirs toujours.<br><br>Refrain :<br>Ch\u00e8re patrie, terre ch\u00e9rie,<br>Tu es notre seul et vrai bonheur,<br>notre joie et notre vie,<br>A toi l&rsquo;amour et le grand honneur.<br><br><br><br><br><br><br><br><br><br>Sources : Histoire du Cameroun Ed. CEPER 1979 \/ www.prc.cm \/ www.spm.gov.cm\/www.camfaith.org<\/p>\n\n\n\n<p><\/p>\n","protected":false},"excerpt":{"rendered":"<p>Le Cameroun, ou la R\u00e9publique du Cameroun pour les usages officiels, est un pays d&rsquo;Afrique centrale et occidentale, situ\u00e9 entre le Nigeria,&hellip;<\/p>\n","protected":false},"author":1,"featured_media":62014,"comment_status":"open","ping_status":"open","sticky":false,"template":"","format":"standard","meta":{"_lmt_disableupdate":"","_lmt_disable":"","footnotes":""},"categories":[244],"tags":[],"class_list":["post-62013","post","type-post","status-publish","format-standard","has-post-thumbnail","hentry","category-histoire"],"_links":{"self":[{"href":"https:\/\/mboasawa.com\/fr\/wp-json\/wp\/v2\/posts\/62013","targetHints":{"allow":["GET"]}}],"collection":[{"href":"https:\/\/mboasawa.com\/fr\/wp-json\/wp\/v2\/posts"}],"about":[{"href":"https:\/\/mboasawa.com\/fr\/wp-json\/wp\/v2\/types\/post"}],"author":[{"embeddable":true,"href":"https:\/\/mboasawa.com\/fr\/wp-json\/wp\/v2\/users\/1"}],"replies":[{"embeddable":true,"href":"https:\/\/mboasawa.com\/fr\/wp-json\/wp\/v2\/comments?post=62013"}],"version-history":[{"count":2,"href":"https:\/\/mboasawa.com\/fr\/wp-json\/wp\/v2\/posts\/62013\/revisions"}],"predecessor-version":[{"id":62016,"href":"https:\/\/mboasawa.com\/fr\/wp-json\/wp\/v2\/posts\/62013\/revisions\/62016"}],"wp:featuredmedia":[{"embeddable":true,"href":"https:\/\/mboasawa.com\/fr\/wp-json\/wp\/v2\/media\/62014"}],"wp:attachment":[{"href":"https:\/\/mboasawa.com\/fr\/wp-json\/wp\/v2\/media?parent=62013"}],"wp:term":[{"taxonomy":"category","embeddable":true,"href":"https:\/\/mboasawa.com\/fr\/wp-json\/wp\/v2\/categories?post=62013"},{"taxonomy":"post_tag","embeddable":true,"href":"https:\/\/mboasawa.com\/fr\/wp-json\/wp\/v2\/tags?post=62013"}],"curies":[{"name":"wp","href":"https:\/\/api.w.org\/{rel}","templated":true}]}}